{"id":15139,"date":"2025-05-13T08:58:17","date_gmt":"2025-05-13T05:58:17","guid":{"rendered":"https:\/\/akcmv.gov.lv\/?p=15139"},"modified":"2025-05-13T08:58:17","modified_gmt":"2025-05-13T05:58:17","slug":"aicinam-apmeklet-koncertus","status":"publish","type":"post","link":"http:\/\/akcmv.gov.lv\/?p=15139","title":{"rendered":"Aicin\u0101m apmekl\u0113t koncertus"},"content":{"rendered":"\n<p>Bazn\u012bcu nakts ietvaros 17.maij\u0101 AKCMV Kok\u013cu ansamb\u013ci un Zvanu ansamblis aicina uz Pavasara koncertiem:<\/p>\n\n\n\n<ul class=\"wp-block-list\">\n<li>plkst. 17.00 C\u0113su Sv. J\u0101\u0146a bazn\u012bc\u0101 uzst\u0101sies Alfr\u0113da Kalni\u0146a C\u0113su M\u016bzikas vidusskolas Zvanu ansamblis un kok\u013cu ansamb\u013ca Wendenkokle vec\u0101k\u0101 un jaun\u0101k\u0101 grupa<br><\/li>\n\n\n\n<li>plkst. 20.00 Rubenes bazn\u012bc\u0101 uzst\u0101sies Alfr\u0113da Kalni\u0146a C\u0113su M\u016bzikas vidusskolas Kok\u013cu ansamb\u013ca Wendenkokle vec\u0101k\u0101 grupa<br><br>Ieeja koncertos par ziedojumiem.<\/li>\n<\/ul>\n\n\n\n<figure class=\"wp-block-gallery has-nested-images columns-default is-cropped wp-block-gallery-1 is-layout-flex wp-block-gallery-is-layout-flex\">\n<figure class=\"wp-block-image size-full\"><a href=\"https:\/\/akcmv.gov.lv\/wp-content\/uploads\/2025\/05\/2025-05-17-Koklu-koncerts-Baznicu-nakts_web-scaled.jpg\"><img loading=\"lazy\" decoding=\"async\" width=\"1810\" height=\"2560\" data-id=\"15140\" src=\"https:\/\/akcmv.gov.lv\/wp-content\/uploads\/2025\/05\/2025-05-17-Koklu-koncerts-Baznicu-nakts_web-scaled.jpg\" alt=\"17. maija Pavasara koncertu afi\u0161a\" class=\"wp-image-15140\" srcset=\"http:\/\/akcmv.gov.lv\/wp-content\/uploads\/2025\/05\/2025-05-17-Koklu-koncerts-Baznicu-nakts_web-scaled.jpg 1810w, http:\/\/akcmv.gov.lv\/wp-content\/uploads\/2025\/05\/2025-05-17-Koklu-koncerts-Baznicu-nakts_web-212x300.jpg 212w, http:\/\/akcmv.gov.lv\/wp-content\/uploads\/2025\/05\/2025-05-17-Koklu-koncerts-Baznicu-nakts_web-724x1024.jpg 724w, http:\/\/akcmv.gov.lv\/wp-content\/uploads\/2025\/05\/2025-05-17-Koklu-koncerts-Baznicu-nakts_web-768x1086.jpg 768w, http:\/\/akcmv.gov.lv\/wp-content\/uploads\/2025\/05\/2025-05-17-Koklu-koncerts-Baznicu-nakts_web-1086x1536.jpg 1086w, http:\/\/akcmv.gov.lv\/wp-content\/uploads\/2025\/05\/2025-05-17-Koklu-koncerts-Baznicu-nakts_web-1448x2048.jpg 1448w\" sizes=\"auto, (max-width: 1810px) 100vw, 1810px\" \/><\/a><\/figure>\n<\/figure>\n","protected":false},"excerpt":{"rendered":"<p>Bazn\u012bcu nakts ietvaros 17.maij\u0101 AKCMV Kok\u013cu ansamb\u013ci un Zvanu ansamblis aicina uz Pavasara koncertiem:<\/p>\n","protected":false},"author":2,"featured_media":0,"comment_status":"closed","ping_status":"closed","sticky":false,"template":"","format":"standard","meta":{"footnotes":""},"categories":[1],"tags":[],"class_list":{"0":"post-15139","1":"post","2":"type-post","3":"status-publish","4":"format-standard","6":"category-uncategorised","7":"czr-hentry"},"_links":{"self":[{"href":"http:\/\/akcmv.gov.lv\/index.php?rest_route=\/wp\/v2\/posts\/15139","targetHints":{"allow":["GET"]}}],"collection":[{"href":"http:\/\/akcmv.gov.lv\/index.php?rest_route=\/wp\/v2\/posts"}],"about":[{"href":"http:\/\/akcmv.gov.lv\/index.php?rest_route=\/wp\/v2\/types\/post"}],"author":[{"embeddable":true,"href":"http:\/\/akcmv.gov.lv\/index.php?rest_route=\/wp\/v2\/users\/2"}],"replies":[{"embeddable":true,"href":"http:\/\/akcmv.gov.lv\/index.php?rest_route=%2Fwp%2Fv2%2Fcomments&post=15139"}],"version-history":[{"count":1,"href":"http:\/\/akcmv.gov.lv\/index.php?rest_route=\/wp\/v2\/posts\/15139\/revisions"}],"predecessor-version":[{"id":15141,"href":"http:\/\/akcmv.gov.lv\/index.php?rest_route=\/wp\/v2\/posts\/15139\/revisions\/15141"}],"wp:attachment":[{"href":"http:\/\/akcmv.gov.lv\/index.php?rest_route=%2Fwp%2Fv2%2Fmedia&parent=15139"}],"wp:term":[{"taxonomy":"category","embeddable":true,"href":"http:\/\/akcmv.gov.lv\/index.php?rest_route=%2Fwp%2Fv2%2Fcategories&post=15139"},{"taxonomy":"post_tag","embeddable":true,"href":"http:\/\/akcmv.gov.lv\/index.php?rest_route=%2Fwp%2Fv2%2Ftags&post=15139"}],"curies":[{"name":"wp","href":"https:\/\/api.w.org\/{rel}","templated":true}]}}