{"id":15183,"date":"2025-05-15T10:06:31","date_gmt":"2025-05-15T07:06:31","guid":{"rendered":"https:\/\/akcmv.gov.lv\/?p=15183"},"modified":"2025-05-15T10:06:32","modified_gmt":"2025-05-15T07:06:32","slug":"alfreda-kalnina-cesu-muzikas-skolas-izlaidums-2","status":"publish","type":"post","link":"http:\/\/akcmv.gov.lv\/?p=15183","title":{"rendered":"Alfr\u0113da Kalni\u0146a C\u0113su M\u016bzikas skolas izlaidums"},"content":{"rendered":"\n<p>23.maij\u0101 plkst. 18.00 Koncertz\u0101l\u0113 \u201cC\u0113s\u012bs\u201d aicin\u0101m apmekl\u0113t Alfr\u0113da Kalni\u0146a C\u0113su M\u016bzikas skolas audz\u0113k\u0146u izlaidumu profesion\u0101l\u0101s ievirzes izgl\u012bt\u012bbas programm\u0101m.<\/p>\n\n\n\n<figure class=\"wp-block-gallery has-nested-images columns-default is-cropped wp-block-gallery-1 is-layout-flex wp-block-gallery-is-layout-flex\">\n<figure class=\"wp-block-image size-full\"><a href=\"https:\/\/akcmv.gov.lv\/wp-content\/uploads\/2025\/05\/2025-05-23-BMS-Izlaidums_web-scaled.jpg\"><img loading=\"lazy\" decoding=\"async\" width=\"1810\" height=\"2560\" data-id=\"15184\" src=\"https:\/\/akcmv.gov.lv\/wp-content\/uploads\/2025\/05\/2025-05-23-BMS-Izlaidums_web-scaled.jpg\" alt=\"Alfr\u0113da Kalni\u0146a C\u0113su M\u016bzikas skolas izlaidums\" class=\"wp-image-15184\" srcset=\"http:\/\/akcmv.gov.lv\/wp-content\/uploads\/2025\/05\/2025-05-23-BMS-Izlaidums_web-scaled.jpg 1810w, http:\/\/akcmv.gov.lv\/wp-content\/uploads\/2025\/05\/2025-05-23-BMS-Izlaidums_web-212x300.jpg 212w, http:\/\/akcmv.gov.lv\/wp-content\/uploads\/2025\/05\/2025-05-23-BMS-Izlaidums_web-724x1024.jpg 724w, http:\/\/akcmv.gov.lv\/wp-content\/uploads\/2025\/05\/2025-05-23-BMS-Izlaidums_web-768x1086.jpg 768w, http:\/\/akcmv.gov.lv\/wp-content\/uploads\/2025\/05\/2025-05-23-BMS-Izlaidums_web-1086x1536.jpg 1086w, http:\/\/akcmv.gov.lv\/wp-content\/uploads\/2025\/05\/2025-05-23-BMS-Izlaidums_web-1448x2048.jpg 1448w\" sizes=\"auto, (max-width: 1810px) 100vw, 1810px\" \/><\/a><\/figure>\n<\/figure>\n","protected":false},"excerpt":{"rendered":"<p>23.maij\u0101 plkst. 18.00 Koncertz\u0101l\u0113 \u201cC\u0113s\u012bs\u201d aicin\u0101m apmekl\u0113t Alfr\u0113da Kalni\u0146a C\u0113su M\u016bzikas skolas audz\u0113k\u0146u izlaidumu profesion\u0101l\u0101s ievirzes izgl\u012bt\u012bbas programm\u0101m.<\/p>\n","protected":false},"author":2,"featured_media":0,"comment_status":"closed","ping_status":"closed","sticky":false,"template":"","format":"standard","meta":{"footnotes":""},"categories":[1],"tags":[],"class_list":{"0":"post-15183","1":"post","2":"type-post","3":"status-publish","4":"format-standard","6":"category-uncategorised","7":"czr-hentry"},"_links":{"self":[{"href":"http:\/\/akcmv.gov.lv\/index.php?rest_route=\/wp\/v2\/posts\/15183","targetHints":{"allow":["GET"]}}],"collection":[{"href":"http:\/\/akcmv.gov.lv\/index.php?rest_route=\/wp\/v2\/posts"}],"about":[{"href":"http:\/\/akcmv.gov.lv\/index.php?rest_route=\/wp\/v2\/types\/post"}],"author":[{"embeddable":true,"href":"http:\/\/akcmv.gov.lv\/index.php?rest_route=\/wp\/v2\/users\/2"}],"replies":[{"embeddable":true,"href":"http:\/\/akcmv.gov.lv\/index.php?rest_route=%2Fwp%2Fv2%2Fcomments&post=15183"}],"version-history":[{"count":1,"href":"http:\/\/akcmv.gov.lv\/index.php?rest_route=\/wp\/v2\/posts\/15183\/revisions"}],"predecessor-version":[{"id":15185,"href":"http:\/\/akcmv.gov.lv\/index.php?rest_route=\/wp\/v2\/posts\/15183\/revisions\/15185"}],"wp:attachment":[{"href":"http:\/\/akcmv.gov.lv\/index.php?rest_route=%2Fwp%2Fv2%2Fmedia&parent=15183"}],"wp:term":[{"taxonomy":"category","embeddable":true,"href":"http:\/\/akcmv.gov.lv\/index.php?rest_route=%2Fwp%2Fv2%2Fcategories&post=15183"},{"taxonomy":"post_tag","embeddable":true,"href":"http:\/\/akcmv.gov.lv\/index.php?rest_route=%2Fwp%2Fv2%2Ftags&post=15183"}],"curies":[{"name":"wp","href":"https:\/\/api.w.org\/{rel}","templated":true}]}}