{"id":15642,"date":"2025-08-12T10:27:48","date_gmt":"2025-08-12T07:27:48","guid":{"rendered":"https:\/\/akcmv.gov.lv\/?p=15642"},"modified":"2025-08-12T10:27:49","modified_gmt":"2025-08-12T07:27:49","slug":"akcmv-aicina-darba-sitaminstrumentspeles-pedagogu","status":"publish","type":"post","link":"http:\/\/akcmv.gov.lv\/?p=15642","title":{"rendered":"AKCMV aicina darb\u0101 sitaminstrumentsp\u0113les pedagogu"},"content":{"rendered":"\n<p class=\"has-text-align-center has-black-color has-text-color has-link-color wp-elements-1e59c060b13a42009363d37b919526d7\"><strong>Alfr\u0113da Kalni\u0146a C\u0113su m\u016bzikas vidusskola<\/strong><br><strong>ar 2025.gada 1.septembri aicina darb\u0101<\/strong><br><strong>sitaminstrumentu sp\u0113les pedagogu profesion\u0101l\u0101s ievirzes un vid\u0113j\u0101 profesion\u0101laj\u0101\u00a0izgl\u012bt\u012bb\u0101<\/strong><\/p>\n\n\n\n<p class=\"has-black-color has-text-color has-link-color wp-elements-0c41f2bc65b38117fcadd17f84a07ea8\"><strong><u>Galvenie amata pien\u0101kumi:<\/u><\/strong><\/p>\n\n\n\n<ul class=\"wp-block-list\">\n<li class=\"has-black-color has-text-color has-link-color wp-elements-57cc7c3675eb5fc11d3300356d1a59ce\">\u012astenot \u00a0profesion\u0101laj\u0101 ievirz\u0113 un vid\u0113j\u0101\u00a0 profesion\u0101laj\u0101 izgl\u012bt\u012bbas programm\u0101 \u201cSitaminstrumentu sp\u0113le\u201d\u00a0 ietverto profesion\u0101lo m\u0101c\u012bbu saturu, izv\u0113loties atbilsto\u0161as m\u0101c\u012bbu metodes un l\u012bdzek\u013cus, nodro\u0161inot izgl\u012bt\u012bbas procesa atbilst\u012bbu izgl\u012bt\u012bbas standartiem;<\/li>\n\n\n\n<li class=\"has-black-color has-text-color has-link-color wp-elements-5e0054c3911a8c74d8755ac8bd856dfd\"><span style=\"color: initial;\">Sagatavot m\u0101c\u012bbu nodarb\u012bb\u0101m nepiecie\u0161amos materi\u0101lus;<\/span><\/li>\n\n\n\n<li class=\"has-black-color has-text-color has-link-color wp-elements-d7d1cc238b9951b0ba696594b7e2e226\"><span style=\"color: initial;\">Sast\u0101d\u012bt audz\u0113k\u0146a individu\u0101lo m\u0101c\u012bbu pl\u0101nus;<\/span><\/li>\n\n\n\n<li class=\"has-black-color has-text-color has-link-color wp-elements-e4f5716f005ae98a19697f8aad656945\"><span style=\"color: initial;\">Veikt ierakstus skolvad\u012bbas sist\u0113m\u0101 \u201de-klase\u201d;<\/span><\/li>\n\n\n\n<li class=\"has-black-color has-text-color has-link-color wp-elements-930382b7d60f3d7a5aab4195b75fd173\"><span style=\"color: initial;\">Piedal\u012bties m\u0101c\u012bbu p\u0101rbaud\u012bjumu komisiju darb\u0101, izgl\u012bt\u012bbas programmas\u00a0 metodiskaj\u0101s s\u0113d\u0113s, pedago\u0123isk\u0101s padomes un cit\u0101s s\u0113d\u0113s;<\/span><\/li>\n\n\n\n<li class=\"has-black-color has-text-color has-link-color wp-elements-8337b02db27860a303de80aaed1ed550\"><span style=\"color: initial;\">Piedal\u012bties un sagatavot audz\u0113k\u0146us skolas un \u0101rpusskolas organiz\u0113tajiem pas\u0101kumiem;<\/span><\/li>\n\n\n\n<li class=\"has-black-color has-text-color has-link-color wp-elements-bfc37bbd11e6a8b9a7257967541db7ea\">Sadarboties ar pedagogiem, audz\u0113k\u0146iem un\u00a0 audz\u0113k\u0146u vec\u0101kiem.<\/li>\n<\/ul>\n\n\n\n<p class=\"has-black-color has-text-color has-link-color wp-elements-12c19fca7570d731b91a63f8d418ceca\"><strong><u>Pras\u012bbas pretendentiem:<\/u><\/strong><\/p>\n\n\n\n<ul class=\"wp-block-list\">\n<li class=\"has-black-color has-text-color has-link-color wp-elements-a059396830e86fc2df310b0c780377db\">Augst\u0101k\u0101 profesion\u0101l\u0101 un pedago\u0123isk\u0101 izgl\u012bt\u012bba;<\/li>\n\n\n\n<li class=\"has-black-color has-text-color has-link-color wp-elements-4fb3765b5ac89bde22e08d4804e88074\">Valsts valodas prasmes augst\u0101kaj\u0101 l\u012bmen\u012b;<\/li>\n\n\n\n<li class=\"has-black-color has-text-color has-link-color wp-elements-0c82350dda1e1935afe3791de82bfe9d\">Prasmes darb\u0101 ar inform\u0101cijas tehnolo\u0123ij\u0101m;<\/li>\n\n\n\n<li class=\"has-black-color has-text-color has-link-color wp-elements-189b0d9b6acf26fa686c877b7d6d9d7d\">Precizit\u0101te un sp\u0113ja patst\u0101v\u012bgi veikt uztic\u0113tos darba pien\u0101kumus;<\/li>\n\n\n\n<li class=\"has-black-color has-text-color has-link-color wp-elements-e7685e3a3c5d97c417e875d78b029e1e\">Psiholo\u0123isk\u0101 notur\u012bba un augsta saskarsmes kult\u016bra;<\/li>\n\n\n\n<li class=\"has-black-color has-text-color has-link-color wp-elements-051fbd018c5e09aa9ccb0b28b594edb6\">Iniciat\u012bva, rado\u0161ums, prasme str\u0101d\u0101t komand\u0101;<\/li>\n\n\n\n<li class=\"has-black-color has-text-color has-link-color wp-elements-a1562ffa48ae5c0ab5f9955e1d87f89c\">Pieredze profesion\u0101l\u0101s izgl\u012bt\u012bbas pedagoga amat\u0101 tiks uzskat\u012bta par priek\u0161roc\u012bbu.<\/li>\n<\/ul>\n\n\n\n<p class=\"has-black-color has-text-color has-link-color wp-elements-a5607d03642b0f920e97289f6c702d8f\"><strong><u>Pied\u0101v\u0101jam:<\/u><\/strong><\/p>\n\n\n\n<ul class=\"wp-block-list\">\n<li class=\"has-black-color has-text-color has-link-color wp-elements-4854452e8b4dd10cbddbd9f1bf892f4d\">Stabilu darbu m\u016bsdien\u012bg\u0101 darba vid\u0113, ko iesp\u0113jams apvienot ar citu darbu un rado\u0161o procesu;<\/li>\n\n\n\n<li class=\"has-black-color has-text-color has-link-color wp-elements-3ae719f0a00c7af3797d17b74a78ba43\">Profesion\u0101l\u0101s kompetences pilnveides iesp\u0113jas;<\/li>\n\n\n\n<li class=\"has-black-color has-text-color has-link-color wp-elements-f1e3bad89240141e66734e6716dda35e\">Stabilu atalgojumu un soci\u0101l\u0101s garantijas p\u0113c p\u0101rbaudes laika beig\u0101m;<\/li>\n\n\n\n<li class=\"has-black-color has-text-color has-link-color wp-elements-a8380a05f9c4c11dbc38d8c2bfca8f85\">Darba samaksu saska\u0146\u0101 ar tarifik\u0101ciju un\u00a0 05.07.2016. Ministru kabineta noteikumos Nr.445 \u201ePedagogu darba samaksas noteikumi\u201d noteikto k\u0101rt\u012bbu.<\/li>\n<\/ul>\n\n\n\n<p class=\"has-black-color has-text-color has-link-color wp-elements-c252b24a890d20a05f0c7123b68149b1\">Profesion\u0101l\u0101s darb\u012bbas aprakstu (CV) un pieteikuma v\u0113stuli&nbsp; gaid\u012bsim l\u012bdz 2025.gada 25.augustam e-past\u0101: pasts@akcmv.gov.lv<\/p>\n\n\n\n<p class=\"has-black-color has-text-color has-link-color wp-elements-89cf6cc16070cd53590cca14b8cc13c5\">Pla\u0161\u0101ka inform\u0101cija &#8211; zvanot uz t\u0101lruni 26399070 (direktors Vigo Ra\u010devskis).<\/p>\n\n\n\n<figure class=\"wp-block-gallery has-nested-images columns-default is-cropped wp-block-gallery-1 is-layout-flex wp-block-gallery-is-layout-flex\">\n<figure class=\"wp-block-image size-full\"><a href=\"https:\/\/akcmv.gov.lv\/wp-content\/uploads\/2025\/08\/vakance_sitaminstr_speles_pedagogs.jpg\"><img loading=\"lazy\" decoding=\"async\" width=\"2480\" height=\"1820\" data-id=\"15643\" src=\"https:\/\/akcmv.gov.lv\/wp-content\/uploads\/2025\/08\/vakance_sitaminstr_speles_pedagogs.jpg\" alt=\"Vakance sitaminstrumentsp\u0113les pedagogs\" class=\"wp-image-15643\" srcset=\"http:\/\/akcmv.gov.lv\/wp-content\/uploads\/2025\/08\/vakance_sitaminstr_speles_pedagogs.jpg 2480w, http:\/\/akcmv.gov.lv\/wp-content\/uploads\/2025\/08\/vakance_sitaminstr_speles_pedagogs-300x220.jpg 300w, http:\/\/akcmv.gov.lv\/wp-content\/uploads\/2025\/08\/vakance_sitaminstr_speles_pedagogs-1024x751.jpg 1024w, http:\/\/akcmv.gov.lv\/wp-content\/uploads\/2025\/08\/vakance_sitaminstr_speles_pedagogs-768x564.jpg 768w, http:\/\/akcmv.gov.lv\/wp-content\/uploads\/2025\/08\/vakance_sitaminstr_speles_pedagogs-1536x1127.jpg 1536w, http:\/\/akcmv.gov.lv\/wp-content\/uploads\/2025\/08\/vakance_sitaminstr_speles_pedagogs-2048x1503.jpg 2048w\" sizes=\"auto, (max-width: 2480px) 100vw, 2480px\" \/><\/a><\/figure>\n<\/figure>\n","protected":false},"excerpt":{"rendered":"<p>Alfr\u0113da Kalni\u0146a C\u0113su m\u016bzikas vidusskolaar 2025.gada 1.septembri aicina darb\u0101sitaminstrumentu sp\u0113les pedagogu profesion\u0101l\u0101s ievirzes un vid\u0113j\u0101 profesion\u0101laj\u0101\u00a0izgl\u012bt\u012bb\u0101 Galvenie amata pien\u0101kumi: Pras\u012bbas pretendentiem: Pied\u0101v\u0101jam: Profesion\u0101l\u0101s darb\u012bbas aprakstu (CV) un pieteikuma v\u0113stuli&nbsp; gaid\u012bsim l\u012bdz 2025.gada 25.augustam e-past\u0101: pasts@akcmv.gov.lv Pla\u0161\u0101ka inform\u0101cija &#8211; zvanot uz t\u0101lruni 26399070 (direktors Vigo Ra\u010devskis).<\/p>\n","protected":false},"author":2,"featured_media":0,"comment_status":"closed","ping_status":"closed","sticky":false,"template":"","format":"standard","meta":{"footnotes":""},"categories":[1],"tags":[],"class_list":{"0":"post-15642","1":"post","2":"type-post","3":"status-publish","4":"format-standard","6":"category-uncategorised","7":"czr-hentry"},"_links":{"self":[{"href":"http:\/\/akcmv.gov.lv\/index.php?rest_route=\/wp\/v2\/posts\/15642","targetHints":{"allow":["GET"]}}],"collection":[{"href":"http:\/\/akcmv.gov.lv\/index.php?rest_route=\/wp\/v2\/posts"}],"about":[{"href":"http:\/\/akcmv.gov.lv\/index.php?rest_route=\/wp\/v2\/types\/post"}],"author":[{"embeddable":true,"href":"http:\/\/akcmv.gov.lv\/index.php?rest_route=\/wp\/v2\/users\/2"}],"replies":[{"embeddable":true,"href":"http:\/\/akcmv.gov.lv\/index.php?rest_route=%2Fwp%2Fv2%2Fcomments&post=15642"}],"version-history":[{"count":3,"href":"http:\/\/akcmv.gov.lv\/index.php?rest_route=\/wp\/v2\/posts\/15642\/revisions"}],"predecessor-version":[{"id":15646,"href":"http:\/\/akcmv.gov.lv\/index.php?rest_route=\/wp\/v2\/posts\/15642\/revisions\/15646"}],"wp:attachment":[{"href":"http:\/\/akcmv.gov.lv\/index.php?rest_route=%2Fwp%2Fv2%2Fmedia&parent=15642"}],"wp:term":[{"taxonomy":"category","embeddable":true,"href":"http:\/\/akcmv.gov.lv\/index.php?rest_route=%2Fwp%2Fv2%2Fcategories&post=15642"},{"taxonomy":"post_tag","embeddable":true,"href":"http:\/\/akcmv.gov.lv\/index.php?rest_route=%2Fwp%2Fv2%2Ftags&post=15642"}],"curies":[{"name":"wp","href":"https:\/\/api.w.org\/{rel}","templated":true}]}}