{"id":15648,"date":"2025-08-13T13:09:36","date_gmt":"2025-08-13T10:09:36","guid":{"rendered":"https:\/\/akcmv.gov.lv\/?p=15648"},"modified":"2025-08-13T13:09:37","modified_gmt":"2025-08-13T10:09:37","slug":"aicinam-apmeklet-koncertu-vidzemes-talanti-kods-alfredskola","status":"publish","type":"post","link":"http:\/\/akcmv.gov.lv\/?p=15648","title":{"rendered":"Aicin\u0101m apmekl\u0113t koncertu \u201cVidzemes Talanti \u2013 kods: Alfr\u0113dskola\u201d"},"content":{"rendered":"\n<p>Alfr\u0113da Kalni\u0146a C\u0113su M\u016bzikas vidusskola sadarb\u012bb\u0101 ar skolas atbalsta biedr\u012bbu 24.august\u0101 plkst. 16.00 Koncertz\u0101les \u201cC\u0113sis\u201d Lielaj\u0101 z\u0101l\u0113 aicina apmekl\u0113t Vidzemes re\u0123iona m\u016bzikas skolu talant\u012bg\u0101ko audz\u0113k\u0146u un konkursu laure\u0101tu koncertu \u201cVidzemes Talanti \u2013 kods: Alfr\u0113dskola.\u201d<br><br>T\u0101 k\u0101 2025.\/2026. m\u0101c\u012bbu gads ir Alfr\u0113da Kalni\u0146a C\u0113su M\u016bzikas vidusskolas (AKCMV) simtgades gads, koncerta \u201cVidzemes Talanti\u201d 2025. gada vadmot\u012bvs ir <em>\u201cAlfr\u0113dskola \u2013 kods, kas vieno talantus.\u201d<\/em> Skola visus gadus, kop\u0161 organiz\u0113 koncertu \u201cVidzemes Talanti\u201d, ir bijusi k\u0101 vienojo\u0161ais kodols, jo koncerta dal\u012bbnieki ir Vidzemes re\u0123iona audz\u0113k\u0146i, kuri ir potenci\u0101lie AKCMV n\u0101kotnes audz\u0113k\u0146i, daudzi vi\u0146u pedagogi ir skolas absolventi, koncerta ska\u0146darbu aran\u017eijas veido jaun\u0101 komponiste, absolvente Annija Anna Zari\u0146a un liela da\u013ca Vidzemes kameror\u0137estra m\u016bzi\u0137i ir absolventi un skolas pedagogi.<br><br>Koncert\u0101 piedal\u012bsies Vidzemes m\u016bzikas skolu audz\u0113k\u0146i \u2013 konkursu laure\u0101ti \u2013 no Al\u016bksnes, C\u0113s\u012bm, Limba\u017eiem, Madonas, M\u0101lpils, R\u016bjienas, Saulkrastiem, Smiltenes, Valmieras un Vidzemes kameror\u0137estris m\u0101ksliniecisk\u0101 vad\u012bt\u0101ja un diri\u0123enta un Andra Veisma\u0146a vad\u012bb\u0101.<br><br>Koncerta programm\u0101 b\u016bs dzirdama da\u017e\u0101du instrumentu \u2013 \u010della, flautas, \u0123it\u0101ras, klarnetes, klavieru, ksilofona, kokles, marimbas, saksofona, trombona un vijoles sp\u0113le.<br><br>Ieeja koncert\u0101 bez maksas.<br><br>Paldies koncerta atbalst\u012bt\u0101jiem C\u0113su novada pa\u0161vald\u012bbai un \u0122imenes st\u0101du audz\u0113tavai \u201cSilavir\u0161i\u201d!<br><br>Finansi\u0101lais atbalsts koncertam sa\u0146emts Vidzemes pl\u0101no\u0161anas re\u0123iona \u012bstenot\u0101s programmas \u201cVidzemes kult\u016bras programma 2025\u201d ietvaros, kas tiek realiz\u0113ta Valsts kult\u016brkapit\u0101la fonda m\u0113r\u0137programm\u0101 \u201cLatvie\u0161u v\u0113sturisko zemju att\u012bst\u012bbas programma.\u201d<\/p>\n\n\n\n<figure class=\"wp-block-gallery has-nested-images columns-default is-cropped wp-block-gallery-1 is-layout-flex wp-block-gallery-is-layout-flex\">\n<figure class=\"wp-block-image size-full\"><a href=\"https:\/\/akcmv.gov.lv\/wp-content\/uploads\/2025\/08\/VT_web_afisa-scaled.jpg\"><img loading=\"lazy\" decoding=\"async\" width=\"1810\" height=\"2560\" data-id=\"15649\" src=\"https:\/\/akcmv.gov.lv\/wp-content\/uploads\/2025\/08\/VT_web_afisa-scaled.jpg\" alt=\"Koncerts &quot;Vidzemes Talanti - kods: Alfr\u0113dskola&quot;\" class=\"wp-image-15649\" srcset=\"http:\/\/akcmv.gov.lv\/wp-content\/uploads\/2025\/08\/VT_web_afisa-scaled.jpg 1810w, http:\/\/akcmv.gov.lv\/wp-content\/uploads\/2025\/08\/VT_web_afisa-212x300.jpg 212w, http:\/\/akcmv.gov.lv\/wp-content\/uploads\/2025\/08\/VT_web_afisa-724x1024.jpg 724w, http:\/\/akcmv.gov.lv\/wp-content\/uploads\/2025\/08\/VT_web_afisa-768x1086.jpg 768w, http:\/\/akcmv.gov.lv\/wp-content\/uploads\/2025\/08\/VT_web_afisa-1086x1536.jpg 1086w, http:\/\/akcmv.gov.lv\/wp-content\/uploads\/2025\/08\/VT_web_afisa-1448x2048.jpg 1448w\" sizes=\"auto, (max-width: 1810px) 100vw, 1810px\" \/><\/a><\/figure>\n<\/figure>\n","protected":false},"excerpt":{"rendered":"<p>Alfr\u0113da Kalni\u0146a C\u0113su M\u016bzikas vidusskola sadarb\u012bb\u0101 ar skolas atbalsta biedr\u012bbu 24.august\u0101 plkst. 16.00 Koncertz\u0101les \u201cC\u0113sis\u201d Lielaj\u0101 z\u0101l\u0113 aicina apmekl\u0113t Vidzemes re\u0123iona m\u016bzikas skolu talant\u012bg\u0101ko audz\u0113k\u0146u un konkursu laure\u0101tu koncertu \u201cVidzemes Talanti \u2013 kods: Alfr\u0113dskola.\u201d T\u0101 k\u0101 2025.\/2026. m\u0101c\u012bbu gads ir Alfr\u0113da Kalni\u0146a C\u0113su M\u016bzikas vidusskolas (AKCMV) simtgades gads, koncerta \u201cVidzemes Talanti\u201d 2025. gada vadmot\u012bvs ir [&hellip;]<\/p>\n","protected":false},"author":2,"featured_media":0,"comment_status":"closed","ping_status":"closed","sticky":false,"template":"","format":"standard","meta":{"footnotes":""},"categories":[1],"tags":[],"class_list":{"0":"post-15648","1":"post","2":"type-post","3":"status-publish","4":"format-standard","6":"category-uncategorised","7":"czr-hentry"},"_links":{"self":[{"href":"http:\/\/akcmv.gov.lv\/index.php?rest_route=\/wp\/v2\/posts\/15648","targetHints":{"allow":["GET"]}}],"collection":[{"href":"http:\/\/akcmv.gov.lv\/index.php?rest_route=\/wp\/v2\/posts"}],"about":[{"href":"http:\/\/akcmv.gov.lv\/index.php?rest_route=\/wp\/v2\/types\/post"}],"author":[{"embeddable":true,"href":"http:\/\/akcmv.gov.lv\/index.php?rest_route=\/wp\/v2\/users\/2"}],"replies":[{"embeddable":true,"href":"http:\/\/akcmv.gov.lv\/index.php?rest_route=%2Fwp%2Fv2%2Fcomments&post=15648"}],"version-history":[{"count":1,"href":"http:\/\/akcmv.gov.lv\/index.php?rest_route=\/wp\/v2\/posts\/15648\/revisions"}],"predecessor-version":[{"id":15650,"href":"http:\/\/akcmv.gov.lv\/index.php?rest_route=\/wp\/v2\/posts\/15648\/revisions\/15650"}],"wp:attachment":[{"href":"http:\/\/akcmv.gov.lv\/index.php?rest_route=%2Fwp%2Fv2%2Fmedia&parent=15648"}],"wp:term":[{"taxonomy":"category","embeddable":true,"href":"http:\/\/akcmv.gov.lv\/index.php?rest_route=%2Fwp%2Fv2%2Fcategories&post=15648"},{"taxonomy":"post_tag","embeddable":true,"href":"http:\/\/akcmv.gov.lv\/index.php?rest_route=%2Fwp%2Fv2%2Ftags&post=15648"}],"curies":[{"name":"wp","href":"https:\/\/api.w.org\/{rel}","templated":true}]}}