{"id":15714,"date":"2025-08-27T12:50:31","date_gmt":"2025-08-27T09:50:31","guid":{"rendered":"https:\/\/akcmv.gov.lv\/?p=15714"},"modified":"2025-08-27T12:50:32","modified_gmt":"2025-08-27T09:50:32","slug":"akcmv-koklu-ansamblis-wendenkokle-piedalas-akcijas-baltijas-cels-atcerei-veltita-koncerta-brivibas-stasts","status":"publish","type":"post","link":"http:\/\/akcmv.gov.lv\/?p=15714","title":{"rendered":"AKCMV kok\u013cu ansamblis \u201cWendenkokle\u201d piedal\u0101s akcijas \u201cBaltijas ce\u013c\u0161\u201d atcerei velt\u012bt\u0101 koncert\u0101 \u201cBr\u012bv\u012bbas st\u0101sts\u201d"},"content":{"rendered":"\n<p>23. august\u0101 Ro\u017eu laukum\u0101, C\u0113s\u012bs norisin\u0101j\u0101s projekta \u201cKult\u016bras loks\u201d nosl\u0113guma pas\u0101kums, kas reiz\u0113 bija ar\u012b akcijas \u201cBaltijas ce\u013c\u0161\u201d atcerei velt\u012bts koncerts \u201cBr\u012bv\u012bbas st\u0101sts\u201d.<br><br>Pas\u0101kum\u0101, ko organiz\u0113ja C\u0113su novada Kult\u016bras p\u0101rvalde, piedal\u012bj\u0101s kolekt\u012bvi no Polijas un Lietuvas. Priec\u0101jamies, ka m\u016bsu skolas kok\u013cu ansamblim \u201cWendenkokle\u201d (vad. Ieva Kal\u0113ja) bija iesp\u0113ja p\u0101rst\u0101v\u0113t C\u0113s\u012bs \u0161aj\u0101 koncert\u0101.<\/p>\n\n\n\n<figure class=\"wp-block-gallery has-nested-images columns-4 is-cropped wp-block-gallery-1 is-layout-flex wp-block-gallery-is-layout-flex\">\n<figure class=\"wp-block-image size-full\"><a href=\"https:\/\/akcmv.gov.lv\/wp-content\/uploads\/2025\/08\/WhatsApp-Image-2025-08-27-at-12.34.11.jpeg\"><img loading=\"lazy\" decoding=\"async\" width=\"1600\" height=\"1200\" data-id=\"15715\" src=\"https:\/\/akcmv.gov.lv\/wp-content\/uploads\/2025\/08\/WhatsApp-Image-2025-08-27-at-12.34.11.jpeg\" alt=\"AKCMV kok\u013cu ansamblis &quot;Wendenkokle&quot;\" class=\"wp-image-15715\" srcset=\"http:\/\/akcmv.gov.lv\/wp-content\/uploads\/2025\/08\/WhatsApp-Image-2025-08-27-at-12.34.11.jpeg 1600w, http:\/\/akcmv.gov.lv\/wp-content\/uploads\/2025\/08\/WhatsApp-Image-2025-08-27-at-12.34.11-300x225.jpeg 300w, http:\/\/akcmv.gov.lv\/wp-content\/uploads\/2025\/08\/WhatsApp-Image-2025-08-27-at-12.34.11-1024x768.jpeg 1024w, http:\/\/akcmv.gov.lv\/wp-content\/uploads\/2025\/08\/WhatsApp-Image-2025-08-27-at-12.34.11-768x576.jpeg 768w, http:\/\/akcmv.gov.lv\/wp-content\/uploads\/2025\/08\/WhatsApp-Image-2025-08-27-at-12.34.11-1536x1152.jpeg 1536w\" sizes=\"auto, (max-width: 1600px) 100vw, 1600px\" \/><\/a><\/figure>\n\n\n\n<figure class=\"wp-block-image size-full\"><a href=\"https:\/\/akcmv.gov.lv\/wp-content\/uploads\/2025\/08\/WhatsApp-Image-2025-08-27-at-12.33.57-1.jpeg\"><img loading=\"lazy\" decoding=\"async\" width=\"1148\" height=\"2040\" data-id=\"15717\" src=\"https:\/\/akcmv.gov.lv\/wp-content\/uploads\/2025\/08\/WhatsApp-Image-2025-08-27-at-12.33.57-1.jpeg\" alt=\"AKCMV kok\u013cu ansamblis &quot;Wendenkokle&quot;\" class=\"wp-image-15717\" srcset=\"http:\/\/akcmv.gov.lv\/wp-content\/uploads\/2025\/08\/WhatsApp-Image-2025-08-27-at-12.33.57-1.jpeg 1148w, http:\/\/akcmv.gov.lv\/wp-content\/uploads\/2025\/08\/WhatsApp-Image-2025-08-27-at-12.33.57-1-169x300.jpeg 169w, http:\/\/akcmv.gov.lv\/wp-content\/uploads\/2025\/08\/WhatsApp-Image-2025-08-27-at-12.33.57-1-576x1024.jpeg 576w, http:\/\/akcmv.gov.lv\/wp-content\/uploads\/2025\/08\/WhatsApp-Image-2025-08-27-at-12.33.57-1-768x1365.jpeg 768w, http:\/\/akcmv.gov.lv\/wp-content\/uploads\/2025\/08\/WhatsApp-Image-2025-08-27-at-12.33.57-1-864x1536.jpeg 864w\" sizes=\"auto, (max-width: 1148px) 100vw, 1148px\" \/><\/a><\/figure>\n\n\n\n<figure class=\"wp-block-image size-full\"><a href=\"https:\/\/akcmv.gov.lv\/wp-content\/uploads\/2025\/08\/WhatsApp-Image-2025-08-27-at-12.33.57.jpeg\"><img loading=\"lazy\" decoding=\"async\" width=\"1536\" height=\"2048\" data-id=\"15716\" src=\"https:\/\/akcmv.gov.lv\/wp-content\/uploads\/2025\/08\/WhatsApp-Image-2025-08-27-at-12.33.57.jpeg\" alt=\"AKCMV kok\u013cu ansamblis &quot;Wendenkokle&quot;\" class=\"wp-image-15716\" srcset=\"http:\/\/akcmv.gov.lv\/wp-content\/uploads\/2025\/08\/WhatsApp-Image-2025-08-27-at-12.33.57.jpeg 1536w, http:\/\/akcmv.gov.lv\/wp-content\/uploads\/2025\/08\/WhatsApp-Image-2025-08-27-at-12.33.57-225x300.jpeg 225w, http:\/\/akcmv.gov.lv\/wp-content\/uploads\/2025\/08\/WhatsApp-Image-2025-08-27-at-12.33.57-768x1024.jpeg 768w, http:\/\/akcmv.gov.lv\/wp-content\/uploads\/2025\/08\/WhatsApp-Image-2025-08-27-at-12.33.57-1152x1536.jpeg 1152w\" sizes=\"auto, (max-width: 1536px) 100vw, 1536px\" \/><\/a><\/figure>\n\n\n\n<figure class=\"wp-block-image size-full\"><a href=\"https:\/\/akcmv.gov.lv\/wp-content\/uploads\/2025\/08\/WhatsApp-Image-2025-08-27-at-12.33.54.jpeg\"><img loading=\"lazy\" decoding=\"async\" width=\"1536\" height=\"2048\" data-id=\"15718\" src=\"https:\/\/akcmv.gov.lv\/wp-content\/uploads\/2025\/08\/WhatsApp-Image-2025-08-27-at-12.33.54.jpeg\" alt=\"AKCMV kok\u013cu ansamblis &quot;Wendenkokle&quot;\" class=\"wp-image-15718\" srcset=\"http:\/\/akcmv.gov.lv\/wp-content\/uploads\/2025\/08\/WhatsApp-Image-2025-08-27-at-12.33.54.jpeg 1536w, http:\/\/akcmv.gov.lv\/wp-content\/uploads\/2025\/08\/WhatsApp-Image-2025-08-27-at-12.33.54-225x300.jpeg 225w, http:\/\/akcmv.gov.lv\/wp-content\/uploads\/2025\/08\/WhatsApp-Image-2025-08-27-at-12.33.54-768x1024.jpeg 768w, http:\/\/akcmv.gov.lv\/wp-content\/uploads\/2025\/08\/WhatsApp-Image-2025-08-27-at-12.33.54-1152x1536.jpeg 1152w\" sizes=\"auto, (max-width: 1536px) 100vw, 1536px\" \/><\/a><\/figure>\n<\/figure>\n\n\n\n<ol start=\"23\" class=\"wp-block-list\"><\/ol>\n","protected":false},"excerpt":{"rendered":"<p>23. august\u0101 Ro\u017eu laukum\u0101, C\u0113s\u012bs norisin\u0101j\u0101s projekta \u201cKult\u016bras loks\u201d nosl\u0113guma pas\u0101kums, kas reiz\u0113 bija ar\u012b akcijas \u201cBaltijas ce\u013c\u0161\u201d atcerei velt\u012bts koncerts \u201cBr\u012bv\u012bbas st\u0101sts\u201d. Pas\u0101kum\u0101, ko organiz\u0113ja C\u0113su novada Kult\u016bras p\u0101rvalde, piedal\u012bj\u0101s kolekt\u012bvi no Polijas un Lietuvas. Priec\u0101jamies, ka m\u016bsu skolas kok\u013cu ansamblim \u201cWendenkokle\u201d (vad. Ieva Kal\u0113ja) bija iesp\u0113ja p\u0101rst\u0101v\u0113t C\u0113s\u012bs \u0161aj\u0101 koncert\u0101.<\/p>\n","protected":false},"author":2,"featured_media":0,"comment_status":"closed","ping_status":"closed","sticky":false,"template":"","format":"standard","meta":{"footnotes":""},"categories":[1],"tags":[],"class_list":{"0":"post-15714","1":"post","2":"type-post","3":"status-publish","4":"format-standard","6":"category-uncategorised","7":"czr-hentry"},"_links":{"self":[{"href":"http:\/\/akcmv.gov.lv\/index.php?rest_route=\/wp\/v2\/posts\/15714","targetHints":{"allow":["GET"]}}],"collection":[{"href":"http:\/\/akcmv.gov.lv\/index.php?rest_route=\/wp\/v2\/posts"}],"about":[{"href":"http:\/\/akcmv.gov.lv\/index.php?rest_route=\/wp\/v2\/types\/post"}],"author":[{"embeddable":true,"href":"http:\/\/akcmv.gov.lv\/index.php?rest_route=\/wp\/v2\/users\/2"}],"replies":[{"embeddable":true,"href":"http:\/\/akcmv.gov.lv\/index.php?rest_route=%2Fwp%2Fv2%2Fcomments&post=15714"}],"version-history":[{"count":1,"href":"http:\/\/akcmv.gov.lv\/index.php?rest_route=\/wp\/v2\/posts\/15714\/revisions"}],"predecessor-version":[{"id":15719,"href":"http:\/\/akcmv.gov.lv\/index.php?rest_route=\/wp\/v2\/posts\/15714\/revisions\/15719"}],"wp:attachment":[{"href":"http:\/\/akcmv.gov.lv\/index.php?rest_route=%2Fwp%2Fv2%2Fmedia&parent=15714"}],"wp:term":[{"taxonomy":"category","embeddable":true,"href":"http:\/\/akcmv.gov.lv\/index.php?rest_route=%2Fwp%2Fv2%2Fcategories&post=15714"},{"taxonomy":"post_tag","embeddable":true,"href":"http:\/\/akcmv.gov.lv\/index.php?rest_route=%2Fwp%2Fv2%2Ftags&post=15714"}],"curies":[{"name":"wp","href":"https:\/\/api.w.org\/{rel}","templated":true}]}}