{"id":15808,"date":"2025-09-15T14:18:27","date_gmt":"2025-09-15T11:18:27","guid":{"rendered":"https:\/\/akcmv.gov.lv\/?p=15808"},"modified":"2025-09-15T14:18:28","modified_gmt":"2025-09-15T11:18:28","slug":"cesis-sakas-alfreda-kalnina-cesu-muzikas-vidusskolas-simtgades-svinibu-koncertu-cikls","status":"publish","type":"post","link":"http:\/\/akcmv.gov.lv\/?p=15808","title":{"rendered":"C\u0113s\u012bs s\u0101kas Alfr\u0113da Kalni\u0146a C\u0113su M\u016bzikas vidusskolas simtgades svin\u012bbu koncertu cikls"},"content":{"rendered":"\n<p>Ar vijoles st\u012bgu trauslo skan\u0113jumu, \u010della dzi\u013caj\u0101m nokr\u0101s\u0101m, kokles lirisko tembru un \u0123it\u0101ras siltajiem akordiem tiks atv\u0113rta Alfr\u0113da Kalni\u0146a C\u0113su M\u016bzikas vidusskolas simtgades svin\u012bbu gr\u0101mata \u2013 <strong>26. septembr\u012b plkst. 17.00 Koncertz\u0101les \u201cC\u0113sis\u201d Lielaj\u0101 z\u0101l\u0113<\/strong> izskan\u0113s<strong> St\u012bgu noda\u013cas koncerts,<\/strong> kas k\u013c\u016bs par pirmo lapaspusi svin\u012bbu koncertu cikl\u0101, veltot to skolas 100 gadu jubilejai.<br><br>Koncert\u0101 piedal\u012bsies vijoles, \u010della, kokles un \u0123it\u0101ras sp\u0113les audz\u0113k\u0146i, pedagogi un skolas absolventi, kop\u012bgi radot muzik\u0101lu tiltu starp skolas pag\u0101tni, tagadni un n\u0101kotni. <br><br>Aicin\u0101m ikvienu svin\u0113t \u0161o noz\u012bm\u012bgo notikumu kop\u0101 ar mums!<br><br>Ieeja koncert\u0101 bez maksas.<\/p>\n\n\n\n<figure class=\"wp-block-gallery has-nested-images columns-default is-cropped wp-block-gallery-1 is-layout-flex wp-block-gallery-is-layout-flex\">\n<figure class=\"wp-block-image size-full\"><a href=\"https:\/\/akcmv.gov.lv\/wp-content\/uploads\/2025\/09\/2025-09-26-Stigu-nodalas-simtgades-koncerts_web-scaled.jpg\"><img loading=\"lazy\" decoding=\"async\" width=\"1810\" height=\"2560\" data-id=\"15809\" src=\"https:\/\/akcmv.gov.lv\/wp-content\/uploads\/2025\/09\/2025-09-26-Stigu-nodalas-simtgades-koncerts_web-scaled.jpg\" alt=\"St\u012bgu noda\u013cas simtgades koncerts\" class=\"wp-image-15809\" srcset=\"http:\/\/akcmv.gov.lv\/wp-content\/uploads\/2025\/09\/2025-09-26-Stigu-nodalas-simtgades-koncerts_web-scaled.jpg 1810w, http:\/\/akcmv.gov.lv\/wp-content\/uploads\/2025\/09\/2025-09-26-Stigu-nodalas-simtgades-koncerts_web-212x300.jpg 212w, http:\/\/akcmv.gov.lv\/wp-content\/uploads\/2025\/09\/2025-09-26-Stigu-nodalas-simtgades-koncerts_web-724x1024.jpg 724w, http:\/\/akcmv.gov.lv\/wp-content\/uploads\/2025\/09\/2025-09-26-Stigu-nodalas-simtgades-koncerts_web-768x1086.jpg 768w, http:\/\/akcmv.gov.lv\/wp-content\/uploads\/2025\/09\/2025-09-26-Stigu-nodalas-simtgades-koncerts_web-1086x1536.jpg 1086w, http:\/\/akcmv.gov.lv\/wp-content\/uploads\/2025\/09\/2025-09-26-Stigu-nodalas-simtgades-koncerts_web-1448x2048.jpg 1448w\" sizes=\"auto, (max-width: 1810px) 100vw, 1810px\" \/><\/a><\/figure>\n<\/figure>\n","protected":false},"excerpt":{"rendered":"<p>Ar vijoles st\u012bgu trauslo skan\u0113jumu, \u010della dzi\u013caj\u0101m nokr\u0101s\u0101m, kokles lirisko tembru un \u0123it\u0101ras siltajiem akordiem tiks atv\u0113rta Alfr\u0113da Kalni\u0146a C\u0113su M\u016bzikas vidusskolas simtgades svin\u012bbu gr\u0101mata \u2013 26. septembr\u012b plkst. 17.00 Koncertz\u0101les \u201cC\u0113sis\u201d Lielaj\u0101 z\u0101l\u0113 izskan\u0113s St\u012bgu noda\u013cas koncerts, kas k\u013c\u016bs par pirmo lapaspusi svin\u012bbu koncertu cikl\u0101, veltot to skolas 100 gadu jubilejai. Koncert\u0101 piedal\u012bsies vijoles, [&hellip;]<\/p>\n","protected":false},"author":2,"featured_media":0,"comment_status":"closed","ping_status":"closed","sticky":false,"template":"","format":"standard","meta":{"footnotes":""},"categories":[1],"tags":[],"class_list":{"0":"post-15808","1":"post","2":"type-post","3":"status-publish","4":"format-standard","6":"category-uncategorised","7":"czr-hentry"},"_links":{"self":[{"href":"http:\/\/akcmv.gov.lv\/index.php?rest_route=\/wp\/v2\/posts\/15808","targetHints":{"allow":["GET"]}}],"collection":[{"href":"http:\/\/akcmv.gov.lv\/index.php?rest_route=\/wp\/v2\/posts"}],"about":[{"href":"http:\/\/akcmv.gov.lv\/index.php?rest_route=\/wp\/v2\/types\/post"}],"author":[{"embeddable":true,"href":"http:\/\/akcmv.gov.lv\/index.php?rest_route=\/wp\/v2\/users\/2"}],"replies":[{"embeddable":true,"href":"http:\/\/akcmv.gov.lv\/index.php?rest_route=%2Fwp%2Fv2%2Fcomments&post=15808"}],"version-history":[{"count":1,"href":"http:\/\/akcmv.gov.lv\/index.php?rest_route=\/wp\/v2\/posts\/15808\/revisions"}],"predecessor-version":[{"id":15810,"href":"http:\/\/akcmv.gov.lv\/index.php?rest_route=\/wp\/v2\/posts\/15808\/revisions\/15810"}],"wp:attachment":[{"href":"http:\/\/akcmv.gov.lv\/index.php?rest_route=%2Fwp%2Fv2%2Fmedia&parent=15808"}],"wp:term":[{"taxonomy":"category","embeddable":true,"href":"http:\/\/akcmv.gov.lv\/index.php?rest_route=%2Fwp%2Fv2%2Fcategories&post=15808"},{"taxonomy":"post_tag","embeddable":true,"href":"http:\/\/akcmv.gov.lv\/index.php?rest_route=%2Fwp%2Fv2%2Ftags&post=15808"}],"curies":[{"name":"wp","href":"https:\/\/api.w.org\/{rel}","templated":true}]}}