{"id":15840,"date":"2025-09-22T14:29:13","date_gmt":"2025-09-22T11:29:13","guid":{"rendered":"https:\/\/akcmv.gov.lv\/?p=15840"},"modified":"2025-09-22T14:29:14","modified_gmt":"2025-09-22T11:29:14","slug":"xi-alfreda-kalnina-jauno-ergelnieku-festivals","status":"publish","type":"post","link":"http:\/\/akcmv.gov.lv\/?p=15840","title":{"rendered":"XI Alfr\u0113da Kalni\u0146a jauno \u0113r\u0123elnieku festiv\u0101ls"},"content":{"rendered":"\n<p>\u0160oruden no 4. l\u012bdz 11. oktobrim C\u0113s\u012bs jau 11. reizi notiks Alfr\u0113da Kalni\u0146a jauno \u0113r\u0123elnieku festiv\u0101ls, turpinot 2001. gad\u0101 aizs\u0101kto trad\u012bciju &#8211; pulc\u0113t m\u016bzikas skolu un m\u016bzikas vidusskolu jaunos \u0113r\u0123elniekus, lai bag\u0101tin\u0101tu vi\u0146u koncertpieredzi un veicin\u0101tu profesion\u0101lo izaugsmi, att\u012bst\u012btu pedagogu sadarb\u012bbu, pieredzes un jaunu ideju apmai\u0146u. Viens no festiv\u0101la m\u0113r\u0137iem ir v\u0113rst pla\u0161\u0101ku skatu uz \u0113r\u0123e\u013cu kult\u016bru t\u0101s daudzaj\u0101s izpausm\u0113s &#8211; instrumentu b\u016bvi, daudzveid\u012bgu repertu\u0101ru, izpild\u012bt\u0101jm\u0101kslu un izgl\u012bt\u012bbas iesp\u0113j\u0101m.<\/p>\n\n\n\n<p>C\u0113sis k\u0101 \u0161\u012b pas\u0101kuma vieta nav izv\u0113l\u0113ta nejau\u0161i &#8211; te dzimis iev\u0113rojamais komponists un \u0113r\u0123e\u013cvirtuozs Alfr\u0113ds Kalni\u0146\u0161 (1879-1951). Kalni\u0146\u0161 jau 9 gadu vecum\u0101 pirmo reizi s\u0113d\u0101s pie C\u0113su Sv. J\u0101\u0146a bazn\u012bcas instrumenta, ar \u0113r\u0123el\u0113m turpm\u0101k bija saist\u012bts viss vi\u0146a m\u016b\u017es. Alfr\u0113da Kalni\u0146a v\u0101rdu nes C\u0113su M\u016bzikas vidusskola, kur jau 38 gadus audz\u0113k\u0146i apg\u016bst \u0113r\u0123e\u013csp\u0113li.<\/p>\n\n\n\n<p>\u0160ogad festiv\u0101la programmu papildina koncerti \u0101rpus C\u0113s\u012bm &#8211; \u0100rai\u0161u un Jaunpiebalgas bazn\u012bc\u0101s.<\/p>\n\n\n\n<p>Te atrodas v\u0113rt\u012bgi instrumenti un \u0113r\u0123e\u013cm\u016bzikas priek\u0161nesumi lieliski demonstr\u0113s bag\u0101to Vidzemes kult\u016bras mantojumu &#8211; r\u016bp\u012bgi koptas un atjaunotas \u0113r\u0123eles.<\/p>\n\n\n\n<p>Festiv\u0101la \u012bpa\u0161ais viesis \u0161ogad b\u016bs Gda\u0146skas M\u016bzikas akad\u0113mijas profesors \u0113r\u0123elnieks And\u017eejs \u0160adeiko. Vi\u0146\u0161 vad\u012bs meistarklases jaunajiem m\u016bzi\u0137iem un sniegs koncertprogrammu ar da\u017e\u0101du laikmetu po\u013cu komponistu m\u016bziku, tai skait\u0101, atska\u0146ojot ar\u012b savas kompoz\u012bcijas.<\/p>\n\n\n\n<p>Ar profesoru c\u0113snieki iepazin\u0101s 2023. gad\u0101, kad ar Erasmus+ programmas atbalstu 8 m\u016bzikas vidusskolas \u0113r\u0123e\u013csp\u0113les audz\u0113k\u0146i un skolot\u0101jas Lelde Krasti\u0146a un Sandra Tamane viesoj\u0101s Gda\u0146sk\u0101. Profesors \u0160adeiko vad\u012bja meistarklases un iepaz\u012bstin\u0101ja ar pla\u0161o un daudzveid\u012bgo \u0113r\u0123e\u013cu pasauli Gda\u0146sk\u0101. Izveidoj\u0101s veiksm\u012bga sadarb\u012bba, kas turpin\u0101s, dodot iesp\u0113ju izgl\u012btoties pla\u0161\u0101kam interesentu lokam.<\/p>\n\n\n\n<p><strong>Festiv\u0101la programma<\/strong><\/p>\n\n\n\n<p><strong>Sestdien, 4. oktobr\u012b pl.17.00 Jaunpiebalgas Sv. Toma bazn\u012bc\u0101<\/strong><br><strong>Koncerts,<\/strong><br>piedal\u0101s Alfr\u0113da Kalni\u0146a C\u0113su M\u016bzikas vidusskolas \u0113r\u0123e\u013cu klases<br>un Jaunpiebalgas M\u016bzikas un m\u0101kslas skolas audz\u0113k\u0146i<\/p>\n\n\n\n<p><strong>Sv\u0113tdien, 5. oktobr\u012b pl.11.00 \u0100rai\u0161u bazn\u012bc\u0101<\/strong><br><strong>Muzik\u0101ls dievkalpojums,<\/strong><br>piedal\u0101s Alfr\u0113da Kalni\u0146a M\u016bzikas vidusskolas \u0113r\u0123e\u013cu klases audz\u0113k\u0146i<\/p>\n\n\n\n<p><strong>Piektdien, 10. oktobr\u012b C\u0113su Sv. J\u0101\u0146a bazn\u012bc\u0101<\/strong><br>Gda\u0146skas M\u016bzikas akad\u0113mijas profesora And\u017eeja \u0160adeiko meistarklases<br><strong>pl. 18.00 And\u017eeja \u0160adeiko solokoncerts<\/strong><\/p>\n\n\n\n<p><strong>Sestdien, 11. oktobr\u012b C\u0113su Sv. J\u0101\u0146a bazn\u012bc\u0101<\/strong><br>profesora And\u017eeja \u0160adeiko meistarklases<br><strong>pl. 17.00 Festiv\u0101la nosl\u0113guma koncerts<\/strong><br>piedal\u0101s Latvijas m\u016bzikas skolu un m\u016bzikas vidusskolu audz\u0113k\u0146i &#8211; meistarkla\u0161u dal\u012bbnieki<\/p>\n\n\n\n<p>Ieeja koncertos par ziedojumiem \u0113r\u0123e\u013cu uztur\u0113\u0161anai. <\/p>\n\n\n\n<p>Festiv\u0101lu r\u012bko Alfr\u0113da Kalni\u0146a C\u0113su M\u016bzikas vidusskola, festiv\u0101la m\u0101ksliniecisk\u0101 vad\u012bt\u0101ja ir \u0113r\u0123e\u013csp\u0113les skolot\u0101ja un C\u0113su Sv. J\u0101\u0146a bazn\u012bcas \u0113r\u0123elniece Lelde Krasti\u0146a<\/p>\n\n\n\n<p>Festiv\u0101lu atbalsta Valsts Kult\u016brkapit\u0101la fonds, C\u0113su novada pa\u0161vald\u012bba un C\u0113su Sv. J\u0101\u0146a eva\u0146\u0123\u0113liski luterisk\u0101 draudze.<\/p>\n\n\n\n<p>Meistarklases tiek \u012bstenotas Eiropas Savien\u012bbas Erasmus+ programmas Pamatdarb\u012bbas Nr.1 (KA 1) \u201cPersonu mobilit\u0101tes m\u0101c\u012bbu nol\u016bkos\u201d profesion\u0101l\u0101s izgl\u012bt\u012bbas sektora aktivit\u0101tes KA121 projekta Nr. 2025-1-LV01-KA121-VET-000317079 ietvaros.<\/p>\n\n\n\n<p>Finans\u0113 Eiropas Savien\u012bba. Tom\u0113r paustie uzskati un viedok\u013ci ir tikai autora(-u) uzskati un viedok\u013ci un ne vienm\u0113r atspogu\u013co Eiropas Savien\u012bbas vai Valsts izgl\u012bt\u012bbas att\u012bst\u012bbas a\u0123ent\u016bras uzskatus un viedok\u013cus. Ne Eiropas Savien\u012bbu, ne pie\u0161\u0137\u012br\u0113ju iest\u0101di nevar saukt pie atbild\u012bbas par tiem.<\/p>\n\n\n\n<figure class=\"wp-block-gallery has-nested-images columns-default is-cropped wp-block-gallery-1 is-layout-flex wp-block-gallery-is-layout-flex\">\n<figure class=\"wp-block-image size-full\"><a href=\"https:\/\/akcmv.gov.lv\/wp-content\/uploads\/2025\/09\/Afisa_AK_XI.jpg\"><img loading=\"lazy\" decoding=\"async\" width=\"1754\" height=\"2480\" data-id=\"15841\" src=\"https:\/\/akcmv.gov.lv\/wp-content\/uploads\/2025\/09\/Afisa_AK_XI.jpg\" alt=\"XI Alfr\u0113da Kalni\u0146a jauno \u0113r\u0123elnieku festiv\u0101ls\" class=\"wp-image-15841\" srcset=\"http:\/\/akcmv.gov.lv\/wp-content\/uploads\/2025\/09\/Afisa_AK_XI.jpg 1754w, http:\/\/akcmv.gov.lv\/wp-content\/uploads\/2025\/09\/Afisa_AK_XI-212x300.jpg 212w, http:\/\/akcmv.gov.lv\/wp-content\/uploads\/2025\/09\/Afisa_AK_XI-724x1024.jpg 724w, http:\/\/akcmv.gov.lv\/wp-content\/uploads\/2025\/09\/Afisa_AK_XI-768x1086.jpg 768w, http:\/\/akcmv.gov.lv\/wp-content\/uploads\/2025\/09\/Afisa_AK_XI-1086x1536.jpg 1086w, http:\/\/akcmv.gov.lv\/wp-content\/uploads\/2025\/09\/Afisa_AK_XI-1448x2048.jpg 1448w\" sizes=\"auto, (max-width: 1754px) 100vw, 1754px\" \/><\/a><\/figure>\n<\/figure>\n","protected":false},"excerpt":{"rendered":"<p>\u0160oruden no 4. l\u012bdz 11. oktobrim C\u0113s\u012bs jau 11. reizi notiks Alfr\u0113da Kalni\u0146a jauno \u0113r\u0123elnieku festiv\u0101ls, turpinot 2001. gad\u0101 aizs\u0101kto trad\u012bciju &#8211; pulc\u0113t m\u016bzikas skolu un m\u016bzikas vidusskolu jaunos \u0113r\u0123elniekus, lai bag\u0101tin\u0101tu vi\u0146u koncertpieredzi un veicin\u0101tu profesion\u0101lo izaugsmi, att\u012bst\u012btu pedagogu sadarb\u012bbu, pieredzes un jaunu ideju apmai\u0146u. Viens no festiv\u0101la m\u0113r\u0137iem ir v\u0113rst pla\u0161\u0101ku skatu uz [&hellip;]<\/p>\n","protected":false},"author":2,"featured_media":0,"comment_status":"closed","ping_status":"closed","sticky":false,"template":"","format":"standard","meta":{"footnotes":""},"categories":[1],"tags":[],"class_list":{"0":"post-15840","1":"post","2":"type-post","3":"status-publish","4":"format-standard","6":"category-uncategorised","7":"czr-hentry"},"_links":{"self":[{"href":"http:\/\/akcmv.gov.lv\/index.php?rest_route=\/wp\/v2\/posts\/15840","targetHints":{"allow":["GET"]}}],"collection":[{"href":"http:\/\/akcmv.gov.lv\/index.php?rest_route=\/wp\/v2\/posts"}],"about":[{"href":"http:\/\/akcmv.gov.lv\/index.php?rest_route=\/wp\/v2\/types\/post"}],"author":[{"embeddable":true,"href":"http:\/\/akcmv.gov.lv\/index.php?rest_route=\/wp\/v2\/users\/2"}],"replies":[{"embeddable":true,"href":"http:\/\/akcmv.gov.lv\/index.php?rest_route=%2Fwp%2Fv2%2Fcomments&post=15840"}],"version-history":[{"count":1,"href":"http:\/\/akcmv.gov.lv\/index.php?rest_route=\/wp\/v2\/posts\/15840\/revisions"}],"predecessor-version":[{"id":15842,"href":"http:\/\/akcmv.gov.lv\/index.php?rest_route=\/wp\/v2\/posts\/15840\/revisions\/15842"}],"wp:attachment":[{"href":"http:\/\/akcmv.gov.lv\/index.php?rest_route=%2Fwp%2Fv2%2Fmedia&parent=15840"}],"wp:term":[{"taxonomy":"category","embeddable":true,"href":"http:\/\/akcmv.gov.lv\/index.php?rest_route=%2Fwp%2Fv2%2Fcategories&post=15840"},{"taxonomy":"post_tag","embeddable":true,"href":"http:\/\/akcmv.gov.lv\/index.php?rest_route=%2Fwp%2Fv2%2Ftags&post=15840"}],"curies":[{"name":"wp","href":"https:\/\/api.w.org\/{rel}","templated":true}]}}