{"id":15883,"date":"2025-10-03T09:29:21","date_gmt":"2025-10-03T06:29:21","guid":{"rendered":"https:\/\/akcmv.gov.lv\/?p=15883"},"modified":"2025-10-03T09:29:22","modified_gmt":"2025-10-03T06:29:22","slug":"cesis-norisinasies-ergelnieka-andzeja-sadeiko-solokoncerts","status":"publish","type":"post","link":"http:\/\/akcmv.gov.lv\/?p=15883","title":{"rendered":"C\u0113s\u012bs norisin\u0101sies \u0113r\u0123elnieka And\u017eeja \u0160adeiko solokoncerts"},"content":{"rendered":"\n<p><strong>XI Alfr\u0113da Kalni\u0146a jauno \u0113r\u0123elnieku festiv\u0101la ietvaros C\u0113s\u012bs viesosies Gda\u0146skas M\u016bzikas akad\u0113mijas profesors And\u017eejs \u0160adeiko. Vi\u0146\u0161 sniegs solokoncertu piektdien, 10. oktobr\u012b plkst. 18.00 C\u0113su Sv. J\u0101\u0146a bazn\u012bc\u0101, k\u0101 ar\u012b vad\u012bs meistarklases jaunajiem m\u016bzi\u0137iem.<\/strong><\/p>\n\n\n\n<p>And\u017eejs \u0160adeiko ir \u013coti spilgta un daudzpus\u012bga person\u012bba &#8211; ne tikai \u0113r\u0123elnieks un pedagogs, bet ar\u012b komponists, diri\u0123ents, m\u016bzikas p\u0113tnieks, \u0113r\u0123e\u013cu eksperts un konsultants da\u017e\u0101dos v\u0113sturisko \u0113r\u0123e\u013cu projektos. Vi\u0146\u0161 ar\u012b dibin\u0101jis un vada baroka m\u016bzikas ansambli <em>Goldberg Baroque Ensemble<\/em>, ar kuru ieguvis presti\u017eo m\u016bzikas ierakstu balvu <em>Opus Klassik Award 2022 (<\/em><a href=\"http:\/\/www.goldbergensemble.eu\">www.goldbergensemble.eu<\/a>). Profesors 2021. gad\u0101 ieguvis doktora gr\u0101du m\u0101ksl\u0101s, bijis viesprofesors un vad\u012bjis meistarklases V\u0101cij\u0101, Somij\u0101, Lietuv\u0101, ASV.<\/p>\n\n\n\n<p>A. \u0160adeiko ir daudzu starptautisku \u0113r\u0123elnieku konkursu fin\u0101lists un balvu ieguv\u0113js: Rumja, Gda\u0146ska, Var\u0161ava (Polija), Odense (D\u0101nija), Brige (Be\u013c\u0123ija). Vi\u0146\u0161 ir ar\u012b daudzu organiz\u0101ciju stipendi\u0101ts: Mayor of City Gdansk, Marshal of Pomerania Voivodship, Polish Culture Foundation, Polish Institute of Music and Dance IMiT, Adam Mickiewicz Institute (Polija), City of Basel, Doms-Stiftung (\u0160veice), Organ Summer Academy in Haarlem (N\u012bderlande).<\/p>\n\n\n\n<p>Kop\u0161 1994. gada A. \u0160adeiko sniedzis vair\u0101k nek\u0101 700 koncertu Polij\u0101, liel\u0101kaj\u0101 da\u013c\u0101 Eiropas valstu, Krievij\u0101 un ASV.<\/p>\n\n\n\n<p>No 2008. gada A. \u0160adeiko ir Polijas Zin\u0101t\u0146u akad\u0113mijas Gda\u0146skas bibliot\u0113kas projekta <em>Gda\u0146skas<\/em> <em>pils\u0113tas muzik\u0101lais mantojums<\/em> m\u0101kslinieciskais vad\u012bt\u0101js, kur\u0161 redi\u0123\u0113 un ieska\u0146o bibliot\u0113k\u0101s eso\u0161o v\u0113sturisko m\u016bzikas manuskriptu ierakstus. Vi\u0146\u0161 rakst\u012bjis publik\u0101cijas Polijas zin\u0101tniskajos un m\u016bzikas izdevumos, ir autors gr\u0101matai par diviem J. S. Baha skolniekiem &#8211; F. K. S. Morheimu un J. G. M\u012btelu -, kas 2011. ieguva balvu Zin\u0101tnisko gr\u0101matu gadatirg\u016b Vroclav\u0101.<\/p>\n\n\n\n<p>A. \u0160adeiko ir ar\u012b iedvesmot\u0101js un m\u0101kslinieciskais vad\u012bt\u0101js vair\u0101kiem m\u016bzikas festiv\u0101liem Gda\u0146sk\u0101 un Var\u0161av\u0101, paz\u012bstam\u0101kais no tiem ORGANy PLUS (<a href=\"http:\/\/www.organy.plus.com\">www.organy.plus.com<\/a>).<\/p>\n\n\n\n<p>Festiv\u0101lu atbalsta Valsts Kult\u016brkapit\u0101la fonds, C\u0113su novada pa\u0161vald\u012bba un C\u0113su Sv. J\u0101\u0146a eva\u0146\u0123\u0113liski luterisk\u0101 draudze.<\/p>\n\n\n\n<p>Meistarklases tiek \u012bstenotas Eiropas Savien\u012bbas Erasmus+ programmas Pamatdarb\u012bbas Nr.1 (KA 1) \u201cPersonu mobilit\u0101tes m\u0101c\u012bbu nol\u016bkos\u201d profesion\u0101l\u0101s izgl\u012bt\u012bbas sektora aktivit\u0101tes KA121 projekta Nr. 2025-1-LV01-KA121-VET-000317079 ietvaros.<\/p>\n\n\n\n<figure class=\"wp-block-gallery has-nested-images columns-default is-cropped wp-block-gallery-1 is-layout-flex wp-block-gallery-is-layout-flex\">\n<figure class=\"wp-block-image size-full\"><a href=\"https:\/\/akcmv.gov.lv\/wp-content\/uploads\/2025\/10\/Afisa_A_Sadeiko.jpeg\"><img loading=\"lazy\" decoding=\"async\" width=\"905\" height=\"1280\" data-id=\"15884\" src=\"https:\/\/akcmv.gov.lv\/wp-content\/uploads\/2025\/10\/Afisa_A_Sadeiko.jpeg\" alt=\"\u0112r\u0123e\u013cm\u016bzikas koncerts\" class=\"wp-image-15884\" srcset=\"http:\/\/akcmv.gov.lv\/wp-content\/uploads\/2025\/10\/Afisa_A_Sadeiko.jpeg 905w, http:\/\/akcmv.gov.lv\/wp-content\/uploads\/2025\/10\/Afisa_A_Sadeiko-212x300.jpeg 212w, http:\/\/akcmv.gov.lv\/wp-content\/uploads\/2025\/10\/Afisa_A_Sadeiko-724x1024.jpeg 724w, http:\/\/akcmv.gov.lv\/wp-content\/uploads\/2025\/10\/Afisa_A_Sadeiko-768x1086.jpeg 768w\" sizes=\"auto, (max-width: 905px) 100vw, 905px\" \/><\/a><\/figure>\n<\/figure>\n","protected":false},"excerpt":{"rendered":"<p>XI Alfr\u0113da Kalni\u0146a jauno \u0113r\u0123elnieku festiv\u0101la ietvaros C\u0113s\u012bs viesosies Gda\u0146skas M\u016bzikas akad\u0113mijas profesors And\u017eejs \u0160adeiko. Vi\u0146\u0161 sniegs solokoncertu piektdien, 10. oktobr\u012b plkst. 18.00 C\u0113su Sv. J\u0101\u0146a bazn\u012bc\u0101, k\u0101 ar\u012b vad\u012bs meistarklases jaunajiem m\u016bzi\u0137iem. And\u017eejs \u0160adeiko ir \u013coti spilgta un daudzpus\u012bga person\u012bba &#8211; ne tikai \u0113r\u0123elnieks un pedagogs, bet ar\u012b komponists, diri\u0123ents, m\u016bzikas p\u0113tnieks, \u0113r\u0123e\u013cu eksperts [&hellip;]<\/p>\n","protected":false},"author":2,"featured_media":0,"comment_status":"closed","ping_status":"closed","sticky":false,"template":"","format":"standard","meta":{"footnotes":""},"categories":[1],"tags":[],"class_list":{"0":"post-15883","1":"post","2":"type-post","3":"status-publish","4":"format-standard","6":"category-uncategorised","7":"czr-hentry"},"_links":{"self":[{"href":"http:\/\/akcmv.gov.lv\/index.php?rest_route=\/wp\/v2\/posts\/15883","targetHints":{"allow":["GET"]}}],"collection":[{"href":"http:\/\/akcmv.gov.lv\/index.php?rest_route=\/wp\/v2\/posts"}],"about":[{"href":"http:\/\/akcmv.gov.lv\/index.php?rest_route=\/wp\/v2\/types\/post"}],"author":[{"embeddable":true,"href":"http:\/\/akcmv.gov.lv\/index.php?rest_route=\/wp\/v2\/users\/2"}],"replies":[{"embeddable":true,"href":"http:\/\/akcmv.gov.lv\/index.php?rest_route=%2Fwp%2Fv2%2Fcomments&post=15883"}],"version-history":[{"count":1,"href":"http:\/\/akcmv.gov.lv\/index.php?rest_route=\/wp\/v2\/posts\/15883\/revisions"}],"predecessor-version":[{"id":15885,"href":"http:\/\/akcmv.gov.lv\/index.php?rest_route=\/wp\/v2\/posts\/15883\/revisions\/15885"}],"wp:attachment":[{"href":"http:\/\/akcmv.gov.lv\/index.php?rest_route=%2Fwp%2Fv2%2Fmedia&parent=15883"}],"wp:term":[{"taxonomy":"category","embeddable":true,"href":"http:\/\/akcmv.gov.lv\/index.php?rest_route=%2Fwp%2Fv2%2Fcategories&post=15883"},{"taxonomy":"post_tag","embeddable":true,"href":"http:\/\/akcmv.gov.lv\/index.php?rest_route=%2Fwp%2Fv2%2Ftags&post=15883"}],"curies":[{"name":"wp","href":"https:\/\/api.w.org\/{rel}","templated":true}]}}