{"id":16539,"date":"2026-01-07T10:43:30","date_gmt":"2026-01-07T08:43:30","guid":{"rendered":"https:\/\/akcmv.gov.lv\/?p=16539"},"modified":"2026-01-07T10:45:26","modified_gmt":"2026-01-07T08:45:26","slug":"aicinajums-alfreda-kalnina-cesu-muzikas-vidusskolas-klavieru-un-akordeona-speles-absolventiem","status":"publish","type":"post","link":"http:\/\/akcmv.gov.lv\/?p=16539","title":{"rendered":"Aicin\u0101jums Alfr\u0113da Kalni\u0146a C\u0113su M\u016bzikas vidusskolas klavieru un akordeona sp\u0113les absolventiem!"},"content":{"rendered":"\n<p>\u0160o m\u0101c\u012bbu gadu aizvad\u0101m Alfr\u0113da Kalni\u0146a C\u0113su M\u016bzikas vidusskolas simtgades z\u012bm\u0113, un visa gada garum\u0101 katra noda\u013ca organiz\u0113 koncertus.<br><br><strong>2026.gada 12.febru\u0101r\u012b Koncertz\u0101les \u201cC\u0113sis\u201d Lielaj\u0101 z\u0101l\u0113<\/strong> notiks klavieru un akordeona klases audz\u0113k\u0146u, pedagogu, absolventu koncerts.<br><br>Jau \u0161obr\u012bd aicin\u0101m laikus savos kalend\u0101ros ierakst\u012bt \u0161o datumu un vienlaikus l\u016bdzam piedal\u012bties ar\u012b j\u016bs koncerta sagatavo\u0161an\u0101!<br><br>Aicin\u0101m atsaukt atmi\u0146\u0101 C\u0113su M\u016bzikas vidusskol\u0101 pavad\u012bto laiku, atcer\u0113ties spilgt\u0101kos &#8211; interesant\u0101kos, nenopietn\u0101kos, nopietn\u0101kos, neikdieni\u0161\u0137\u0101kos, emocion\u0101l\u0101kos\u2026 mirk\u013cus, kas saist\u012bti tie\u0161i ar specialit\u0101tes m\u0101c\u012bb\u0101m. \u012asi, da\u017eos teikumos, aicin\u0101m tos uzrakst\u012bt un ats\u016bt\u012bt izgl\u012bt\u012bbas programmas \u201cTausti\u0146instrumentu sp\u0113le\u201d vad\u012bt\u0101jai Gunai R\u0101cenei l\u012bdz 31.janv\u0101rim uz e- pastu guna.v@inbox.lv , nor\u0101dot ar\u012b savu v\u0101rdu, uzv\u0101rdu (ar\u012b t\u0101 laika uzv\u0101rdu), pedagogu, absolv\u0113\u0161anas gadu.<br><br>J\u016bsu atmi\u0146u st\u0101stus izmantosim koncerta saturiskaj\u0101 da\u013c\u0101, k\u0101 ar\u012b public\u0113sim koncerta programm\u0101.<\/p>\n\n\n\n<figure class=\"wp-block-gallery has-nested-images columns-default is-cropped wp-block-gallery-1 is-layout-flex wp-block-gallery-is-layout-flex\">\n<figure class=\"wp-block-image size-full\"><img loading=\"lazy\" decoding=\"async\" width=\"854\" height=\"1280\" data-id=\"16540\" src=\"https:\/\/akcmv.gov.lv\/wp-content\/uploads\/2026\/01\/klavieru_ar_logo.jpg\" alt=\"Klavieru un akordeona sp\u0113les absolventu koncerts\" class=\"wp-image-16540\" srcset=\"http:\/\/akcmv.gov.lv\/wp-content\/uploads\/2026\/01\/klavieru_ar_logo.jpg 854w, http:\/\/akcmv.gov.lv\/wp-content\/uploads\/2026\/01\/klavieru_ar_logo-200x300.jpg 200w, http:\/\/akcmv.gov.lv\/wp-content\/uploads\/2026\/01\/klavieru_ar_logo-683x1024.jpg 683w, http:\/\/akcmv.gov.lv\/wp-content\/uploads\/2026\/01\/klavieru_ar_logo-768x1151.jpg 768w\" sizes=\"auto, (max-width: 854px) 100vw, 854px\" \/><\/figure>\n<\/figure>\n","protected":false},"excerpt":{"rendered":"<p>\u0160o m\u0101c\u012bbu gadu aizvad\u0101m Alfr\u0113da Kalni\u0146a C\u0113su M\u016bzikas vidusskolas simtgades z\u012bm\u0113, un visa gada garum\u0101 katra noda\u013ca organiz\u0113 koncertus. 2026.gada 12.febru\u0101r\u012b Koncertz\u0101les \u201cC\u0113sis\u201d Lielaj\u0101 z\u0101l\u0113 notiks klavieru un akordeona klases audz\u0113k\u0146u, pedagogu, absolventu koncerts. Jau \u0161obr\u012bd aicin\u0101m laikus savos kalend\u0101ros ierakst\u012bt \u0161o datumu un vienlaikus l\u016bdzam piedal\u012bties ar\u012b j\u016bs koncerta sagatavo\u0161an\u0101! Aicin\u0101m atsaukt atmi\u0146\u0101 C\u0113su [&hellip;]<\/p>\n","protected":false},"author":2,"featured_media":0,"comment_status":"closed","ping_status":"closed","sticky":false,"template":"","format":"standard","meta":{"footnotes":""},"categories":[1],"tags":[],"class_list":{"0":"post-16539","1":"post","2":"type-post","3":"status-publish","4":"format-standard","6":"category-uncategorised","7":"czr-hentry"},"_links":{"self":[{"href":"http:\/\/akcmv.gov.lv\/index.php?rest_route=\/wp\/v2\/posts\/16539","targetHints":{"allow":["GET"]}}],"collection":[{"href":"http:\/\/akcmv.gov.lv\/index.php?rest_route=\/wp\/v2\/posts"}],"about":[{"href":"http:\/\/akcmv.gov.lv\/index.php?rest_route=\/wp\/v2\/types\/post"}],"author":[{"embeddable":true,"href":"http:\/\/akcmv.gov.lv\/index.php?rest_route=\/wp\/v2\/users\/2"}],"replies":[{"embeddable":true,"href":"http:\/\/akcmv.gov.lv\/index.php?rest_route=%2Fwp%2Fv2%2Fcomments&post=16539"}],"version-history":[{"count":3,"href":"http:\/\/akcmv.gov.lv\/index.php?rest_route=\/wp\/v2\/posts\/16539\/revisions"}],"predecessor-version":[{"id":16543,"href":"http:\/\/akcmv.gov.lv\/index.php?rest_route=\/wp\/v2\/posts\/16539\/revisions\/16543"}],"wp:attachment":[{"href":"http:\/\/akcmv.gov.lv\/index.php?rest_route=%2Fwp%2Fv2%2Fmedia&parent=16539"}],"wp:term":[{"taxonomy":"category","embeddable":true,"href":"http:\/\/akcmv.gov.lv\/index.php?rest_route=%2Fwp%2Fv2%2Fcategories&post=16539"},{"taxonomy":"post_tag","embeddable":true,"href":"http:\/\/akcmv.gov.lv\/index.php?rest_route=%2Fwp%2Fv2%2Ftags&post=16539"}],"curies":[{"name":"wp","href":"https:\/\/api.w.org\/{rel}","templated":true}]}}