{"id":16555,"date":"2026-01-13T15:48:25","date_gmt":"2026-01-13T13:48:25","guid":{"rendered":"https:\/\/akcmv.gov.lv\/?p=16555"},"modified":"2026-01-13T15:52:15","modified_gmt":"2026-01-13T13:52:15","slug":"notiks-pateicibas-dienas-sarikojums-100-gadi-muzika","status":"publish","type":"post","link":"http:\/\/akcmv.gov.lv\/?p=16555","title":{"rendered":"Notiks Pateic\u012bbas dienas sar\u012bkojums \u201c100 gadi m\u016bzik\u0101\u201d"},"content":{"rendered":"\n<p>23. janv\u0101r\u012b plkst. 18.00 Koncertz\u0101les \u201cC\u0113sis\u201d Lielaj\u0101 z\u0101l\u0113 notiks ikgad\u0113jais Alfr\u0113da Kalni\u0146a C\u0113su M\u016bzikas vidusskolas Pateic\u012bbas dienas sar\u012bkojums \u201c100 gadi m\u016bzik\u0101\u201d.<\/p>\n\n\n\n<p>Pas\u0101kums iez\u012bm\u0113 noz\u012bm\u012bgu kult\u016brv\u0113sturisku notikumu &#8211; simts gadus, kop\u0161 C\u0113su M\u016bzikas vidusskola ir bijusi neat\u0146emama Latvijas profesion\u0101l\u0101s m\u016bzikas izgl\u012bt\u012bbas un kult\u016bras dz\u012bves sast\u0101vda\u013ca. Vakars iecer\u0113ts k\u0101 pateic\u012bbas apliecin\u0101jums m\u016bzikai, pedagogiem, audz\u0113k\u0146iem un trad\u012bcij\u0101m, kas veidoju\u0161as skolas identit\u0101ti no t\u0101s dibin\u0101\u0161anas 1925. gad\u0101.<\/p>\n\n\n\n<p>Koncerts simboliski apvienos gadsimtu ilgo muzik\u0101lo ce\u013cu, godinot laika rit\u0113jumu, rado\u0161o mantojumu un m\u016bzikas nep\u0101rtraukto kl\u0101tb\u016btni paaudz\u0113s.<\/p>\n\n\n\n<p>Aicin\u0101ti visi m\u016bzikas cien\u012bt\u0101ji, skolas draugi, absolventi un interesenti b\u016bt kl\u0101t \u0161aj\u0101 Pateic\u012bbas dienas sar\u012bkojum\u0101.<\/p>\n\n\n\n<figure class=\"wp-block-gallery has-nested-images columns-default is-cropped wp-block-gallery-1 is-layout-flex wp-block-gallery-is-layout-flex\">\n<figure class=\"wp-block-image size-full\"><a href=\"https:\/\/akcmv.gov.lv\/wp-content\/uploads\/2026\/01\/pateicibas_dienas_afisa_2026.png\"><img loading=\"lazy\" decoding=\"async\" width=\"1587\" height=\"2245\" data-id=\"16556\" src=\"https:\/\/akcmv.gov.lv\/wp-content\/uploads\/2026\/01\/pateicibas_dienas_afisa_2026.png\" alt=\"Pateic\u012bbas dienas sar\u012bkojums &quot;100 gadi m\u016bzik\u0101&quot;\" class=\"wp-image-16556\" srcset=\"http:\/\/akcmv.gov.lv\/wp-content\/uploads\/2026\/01\/pateicibas_dienas_afisa_2026.png 1587w, http:\/\/akcmv.gov.lv\/wp-content\/uploads\/2026\/01\/pateicibas_dienas_afisa_2026-212x300.png 212w, http:\/\/akcmv.gov.lv\/wp-content\/uploads\/2026\/01\/pateicibas_dienas_afisa_2026-724x1024.png 724w, http:\/\/akcmv.gov.lv\/wp-content\/uploads\/2026\/01\/pateicibas_dienas_afisa_2026-768x1086.png 768w, http:\/\/akcmv.gov.lv\/wp-content\/uploads\/2026\/01\/pateicibas_dienas_afisa_2026-1086x1536.png 1086w, http:\/\/akcmv.gov.lv\/wp-content\/uploads\/2026\/01\/pateicibas_dienas_afisa_2026-1448x2048.png 1448w\" sizes=\"auto, (max-width: 1587px) 100vw, 1587px\" \/><\/a><\/figure>\n<\/figure>\n","protected":false},"excerpt":{"rendered":"<p>23. janv\u0101r\u012b plkst. 18.00 Koncertz\u0101les \u201cC\u0113sis\u201d Lielaj\u0101 z\u0101l\u0113 notiks ikgad\u0113jais Alfr\u0113da Kalni\u0146a C\u0113su M\u016bzikas vidusskolas Pateic\u012bbas dienas sar\u012bkojums \u201c100 gadi m\u016bzik\u0101\u201d. Pas\u0101kums iez\u012bm\u0113 noz\u012bm\u012bgu kult\u016brv\u0113sturisku notikumu &#8211; simts gadus, kop\u0161 C\u0113su M\u016bzikas vidusskola ir bijusi neat\u0146emama Latvijas profesion\u0101l\u0101s m\u016bzikas izgl\u012bt\u012bbas un kult\u016bras dz\u012bves sast\u0101vda\u013ca. Vakars iecer\u0113ts k\u0101 pateic\u012bbas apliecin\u0101jums m\u016bzikai, pedagogiem, audz\u0113k\u0146iem un trad\u012bcij\u0101m, kas [&hellip;]<\/p>\n","protected":false},"author":2,"featured_media":0,"comment_status":"closed","ping_status":"closed","sticky":false,"template":"","format":"standard","meta":{"footnotes":""},"categories":[1],"tags":[],"class_list":{"0":"post-16555","1":"post","2":"type-post","3":"status-publish","4":"format-standard","6":"category-uncategorised","7":"czr-hentry"},"_links":{"self":[{"href":"http:\/\/akcmv.gov.lv\/index.php?rest_route=\/wp\/v2\/posts\/16555","targetHints":{"allow":["GET"]}}],"collection":[{"href":"http:\/\/akcmv.gov.lv\/index.php?rest_route=\/wp\/v2\/posts"}],"about":[{"href":"http:\/\/akcmv.gov.lv\/index.php?rest_route=\/wp\/v2\/types\/post"}],"author":[{"embeddable":true,"href":"http:\/\/akcmv.gov.lv\/index.php?rest_route=\/wp\/v2\/users\/2"}],"replies":[{"embeddable":true,"href":"http:\/\/akcmv.gov.lv\/index.php?rest_route=%2Fwp%2Fv2%2Fcomments&post=16555"}],"version-history":[{"count":2,"href":"http:\/\/akcmv.gov.lv\/index.php?rest_route=\/wp\/v2\/posts\/16555\/revisions"}],"predecessor-version":[{"id":16558,"href":"http:\/\/akcmv.gov.lv\/index.php?rest_route=\/wp\/v2\/posts\/16555\/revisions\/16558"}],"wp:attachment":[{"href":"http:\/\/akcmv.gov.lv\/index.php?rest_route=%2Fwp%2Fv2%2Fmedia&parent=16555"}],"wp:term":[{"taxonomy":"category","embeddable":true,"href":"http:\/\/akcmv.gov.lv\/index.php?rest_route=%2Fwp%2Fv2%2Fcategories&post=16555"},{"taxonomy":"post_tag","embeddable":true,"href":"http:\/\/akcmv.gov.lv\/index.php?rest_route=%2Fwp%2Fv2%2Ftags&post=16555"}],"curies":[{"name":"wp","href":"https:\/\/api.w.org\/{rel}","templated":true}]}}