{"id":16947,"date":"2026-03-12T13:40:36","date_gmt":"2026-03-12T11:40:36","guid":{"rendered":"https:\/\/akcmv.gov.lv\/?p=16947"},"modified":"2026-04-17T13:57:59","modified_gmt":"2026-04-17T10:57:59","slug":"alfredskolai-100","status":"publish","type":"post","link":"http:\/\/akcmv.gov.lv\/?p=16947","title":{"rendered":"Alfr\u0113dskolai \u2013 100"},"content":{"rendered":"\n<p class=\"has-medium-font-size\">Aicin\u0101m absolventus uz skolas salidojumu un b\u016bt uz sv\u0113tku skatuves koncert\u0101<br><strong>2026. gada 9. maij\u0101!<\/strong><\/p>\n\n\n\n<hr class=\"wp-block-separator has-alpha-channel-opacity\"\/>\n\n\n\n<p class=\"has-luminous-vivid-orange-color has-text-color has-link-color has-medium-font-size wp-elements-8e074731d07ff10e2b9c661ec21599a1\"><strong>Pl\u0101not\u0101 dienas norise<\/strong><\/p>\n\n\n\n<p><strong>No plkst. 12.00<\/strong> m\u0113\u0123in\u0101jums Koncertz\u0101l\u0113 \u201cC\u0113sis\u201d<br><strong>Plkst. 14.00<\/strong> \u0113kas <strong>Zieme\u013cu iel\u0101 16<\/strong> apmekl\u0113jums<br><strong>Plkst. 15.00<\/strong> \u0113kas <strong>L.Kal\u0113ju iel\u0101 4<\/strong> apmekl\u0113jums<br><strong>No plkst. 16.00<\/strong> kl\u0101tienes re\u0123istr\u0113\u0161an\u0101s Koncertz\u0101l\u0113 \u201cC\u0113sis\u201d<br><strong>Plkst. 17.30<\/strong> sv\u0113tku <strong>koncerts<\/strong> Koncertz\u0101les \u201cC\u0113sis\u201d Lielaj\u0101 z\u0101l\u0113<br><strong>Plkst. 20.00<\/strong> savies\u012bg\u0101 da\u013ca un sv\u0113tku <strong>balle<\/strong> Koncertz\u0101l\u0113 \u201cC\u0113sis\u201d ar Bigbendu \u201cC\u0113sis\u201d (ar grozi\u0146iem)<\/p>\n\n\n\n<hr class=\"wp-block-separator has-alpha-channel-opacity is-style-default\"\/>\n\n\n\n<p class=\"has-luminous-vivid-orange-color has-text-color has-link-color has-medium-font-size wp-elements-239d7e9db5a569174d376607a99fbd52\"><strong>Dal\u012bbas maksa<\/strong><\/p>\n\n\n\n<p>Koncerta dal\u012bbniekiem \u2013 <strong>15 EUR priek\u0161apmaks\u0101<\/strong><br>P\u0101r\u0113jiem \u2013 <strong>20 EUR<\/strong> <strong>priek\u0161apmaks\u0101 <\/strong><br>2026. gada 9.maij\u0101 <strong>kl\u0101tien\u0113<\/strong> bezskaidras naudas nor\u0113\u0137in\u0101 \u2013 <strong>25 EUR<\/strong><\/p>\n\n\n\n<p>Ja v\u0113lies apmekl\u0113t salidojumu, <strong>l\u012bdz 2026. gada 5. maijam re\u0123istr\u0113jies <a href=\"https:\/\/ej.uz\/akcmv100_salidojums\">\u0161eit.<\/a><\/strong><\/p>\n\n\n\n<hr class=\"wp-block-separator has-alpha-channel-opacity\"\/>\n\n\n\n<p class=\"has-luminous-vivid-orange-color has-text-color has-link-color has-medium-font-size wp-elements-7c9a40783d51c7c7d9ac14fdcbd9e698\"><strong>Kora repertu\u0101rs:<\/strong><\/p>\n\n\n\n<ul class=\"wp-block-list\">\n<li>Valters Kaminskis \u2014 &#8220;Dziesmai&#8221; (Uldis Krasts)<\/li>\n\n\n\n<li>Helmers Pavasars \u2014 &#8220;Tic\u012bba&#8221; (J\u0101nis Poruks)<\/li>\n\n\n\n<li>M\u0101rti\u0146\u0161 Brauns \u2014 &#8220;Ziedu kompoz\u012bcija&#8221; (Vilis Pl\u016bdonis)<\/li>\n<\/ul>\n\n\n\n<p>M\u0113\u0123in\u0101jums &#8211; 09.05. plkst. 13.00<\/p>\n\n\n\n<hr class=\"wp-block-separator has-alpha-channel-opacity\"\/>\n\n\n\n<p class=\"has-luminous-vivid-orange-color has-text-color has-link-color has-medium-font-size wp-elements-ea284fb809638955989b2862beb25dd0\"><strong>Kameror\u0137estra repertu\u0101rs:<\/strong><\/p>\n\n\n\n<ul class=\"wp-block-list\">\n<li>Moriss Ravels \u2014 &#8220;Bolero&#8221;<\/li>\n\n\n\n<li>Volfgangs Amadejs Mocarts \u2014 &#8220;Alleluia&#8221; no motetes &#8220;Exultate, Jubilate&#8221;<\/li>\n<\/ul>\n\n\n\n<p>M\u0113\u0123in\u0101jumi<br>30.04. &#8211; 17:30-19:00<br>09.05. &#8211; 12.00-13:00<\/p>\n\n\n\n<hr class=\"wp-block-separator has-alpha-channel-opacity\"\/>\n\n\n\n<p class=\"has-luminous-vivid-orange-color has-text-color has-link-color has-medium-font-size wp-elements-730bd202def01d675c929489d6da161b\"><strong>Kokl\u0113t\u0101ju ansamb\u013ca repertu\u0101rs:<\/strong><\/p>\n\n\n\n<ul class=\"wp-block-list\">\n<li>Samanta Ceruka &#8220;Tik silti Tav\u0101s plaukst\u0101s&#8221;<\/li>\n<\/ul>\n\n\n\n<p>M\u0113\u0123in\u0101jumi<br>27.04. &#8211; 17:00-19:00<br>09.05. &#8211; 12:00-12:30<\/p>\n\n\n\n<hr class=\"wp-block-separator has-alpha-channel-opacity\"\/>\n\n\n\n<p class=\"has-luminous-vivid-orange-color has-text-color has-link-color has-medium-font-size wp-elements-3a9099216dab433ab2ee202bba799de0\"><strong>P\u016bt\u0113ju or\u0137estra repertu\u0101rs:<\/strong><\/p>\n\n\n\n<ul class=\"wp-block-list\">\n<li>Gaitis J\u0101nis Puj\u0101ts Divas miniat\u016bras: &#8220;Jumi\u0137a krustdancis&#8221; un &#8220;Lauska jand\u0101li\u0146\u0161&#8221;<\/li>\n<\/ul>\n\n\n\n<p>M\u0113\u0123in\u0101jums &#8211; 09.05. &#8211; 12:00-12:30<\/p>\n\n\n\n<hr class=\"wp-block-separator has-alpha-channel-opacity\"\/>\n\n\n\n<figure class=\"wp-block-gallery has-nested-images columns-default is-cropped wp-block-gallery-1 is-layout-flex wp-block-gallery-is-layout-flex\">\n<figure class=\"wp-block-image size-full\"><a href=\"http:\/\/akcmv.gov.lv\/wp-content\/uploads\/2026\/04\/AKCMV100-scaled.jpg\"><img loading=\"lazy\" decoding=\"async\" width=\"1810\" height=\"2560\" data-id=\"17095\" src=\"http:\/\/akcmv.gov.lv\/wp-content\/uploads\/2026\/04\/AKCMV100-scaled.jpg\" alt=\"AKCMV Simtgades pas\u0101kums\" class=\"wp-image-17095\" srcset=\"http:\/\/akcmv.gov.lv\/wp-content\/uploads\/2026\/04\/AKCMV100-scaled.jpg 1810w, http:\/\/akcmv.gov.lv\/wp-content\/uploads\/2026\/04\/AKCMV100-212x300.jpg 212w, http:\/\/akcmv.gov.lv\/wp-content\/uploads\/2026\/04\/AKCMV100-724x1024.jpg 724w, http:\/\/akcmv.gov.lv\/wp-content\/uploads\/2026\/04\/AKCMV100-768x1086.jpg 768w, http:\/\/akcmv.gov.lv\/wp-content\/uploads\/2026\/04\/AKCMV100-1086x1536.jpg 1086w, http:\/\/akcmv.gov.lv\/wp-content\/uploads\/2026\/04\/AKCMV100-1448x2048.jpg 1448w\" sizes=\"auto, (max-width: 1810px) 100vw, 1810px\" \/><\/a><\/figure>\n<\/figure>\n","protected":false},"excerpt":{"rendered":"<p>Aicin\u0101m absolventus uz skolas salidojumu un b\u016bt uz sv\u0113tku skatuves koncert\u01012026. gada 9. maij\u0101! Pl\u0101not\u0101 dienas norise No plkst. 12.00 m\u0113\u0123in\u0101jums Koncertz\u0101l\u0113 \u201cC\u0113sis\u201dPlkst. 14.00 \u0113kas Zieme\u013cu iel\u0101 16 apmekl\u0113jumsPlkst. 15.00 \u0113kas L.Kal\u0113ju iel\u0101 4 apmekl\u0113jumsNo plkst. 16.00 kl\u0101tienes re\u0123istr\u0113\u0161an\u0101s Koncertz\u0101l\u0113 \u201cC\u0113sis\u201dPlkst. 17.30 sv\u0113tku koncerts Koncertz\u0101les \u201cC\u0113sis\u201d Lielaj\u0101 z\u0101l\u0113Plkst. 20.00 savies\u012bg\u0101 da\u013ca un sv\u0113tku balle Koncertz\u0101l\u0113 [&hellip;]<\/p>\n","protected":false},"author":2,"featured_media":0,"comment_status":"closed","ping_status":"closed","sticky":true,"template":"","format":"standard","meta":{"footnotes":""},"categories":[1],"tags":[],"class_list":{"0":"post-16947","1":"post","2":"type-post","3":"status-publish","4":"format-standard","6":"category-uncategorised","7":"czr-hentry"},"_links":{"self":[{"href":"http:\/\/akcmv.gov.lv\/index.php?rest_route=\/wp\/v2\/posts\/16947","targetHints":{"allow":["GET"]}}],"collection":[{"href":"http:\/\/akcmv.gov.lv\/index.php?rest_route=\/wp\/v2\/posts"}],"about":[{"href":"http:\/\/akcmv.gov.lv\/index.php?rest_route=\/wp\/v2\/types\/post"}],"author":[{"embeddable":true,"href":"http:\/\/akcmv.gov.lv\/index.php?rest_route=\/wp\/v2\/users\/2"}],"replies":[{"embeddable":true,"href":"http:\/\/akcmv.gov.lv\/index.php?rest_route=%2Fwp%2Fv2%2Fcomments&post=16947"}],"version-history":[{"count":15,"href":"http:\/\/akcmv.gov.lv\/index.php?rest_route=\/wp\/v2\/posts\/16947\/revisions"}],"predecessor-version":[{"id":17267,"href":"http:\/\/akcmv.gov.lv\/index.php?rest_route=\/wp\/v2\/posts\/16947\/revisions\/17267"}],"wp:attachment":[{"href":"http:\/\/akcmv.gov.lv\/index.php?rest_route=%2Fwp%2Fv2%2Fmedia&parent=16947"}],"wp:term":[{"taxonomy":"category","embeddable":true,"href":"http:\/\/akcmv.gov.lv\/index.php?rest_route=%2Fwp%2Fv2%2Fcategories&post=16947"},{"taxonomy":"post_tag","embeddable":true,"href":"http:\/\/akcmv.gov.lv\/index.php?rest_route=%2Fwp%2Fv2%2Ftags&post=16947"}],"curies":[{"name":"wp","href":"https:\/\/api.w.org\/{rel}","templated":true}]}}