{"id":6451,"date":"2019-09-19T15:09:47","date_gmt":"2019-09-19T12:09:47","guid":{"rendered":"http:\/\/akcmv.gov.lv\/?p=6451"},"modified":"2019-09-19T15:09:47","modified_gmt":"2019-09-19T12:09:47","slug":"1-kursa-labie-darbi-2","status":"publish","type":"post","link":"http:\/\/akcmv.gov.lv\/?p=6451","title":{"rendered":"1.kursa labie darbi"},"content":{"rendered":"<p style=\"text-align: justify;\">Pag\u0101ju\u0161aj\u0101 m\u0101c\u012bbu gad\u0101, apr\u012bl\u012b, Vislatvijas Liel\u0101s talkas m\u0113nes\u012b, 1.kurss audzin\u0101t\u0101ja J\u0101\u0146a Jansona vad\u012bb\u0101 atjaunoja senu skolas trad\u012bciju \u2013 sakopt komponista Alfr\u0113da Kalni\u0146a vec\u0101ku kapavietu C\u0113su v\u0101cu kapos.<\/p>\n<p>\u0160odien, \u0161\u012b gada pirmais kurss, audzin\u0101t\u0101ja Ivara Rau\u0161a vad\u012bb\u0101, audzin\u0101\u0161anas stund\u0101 dev\u0101s turpin\u0101t ies\u0101kto trad\u012bciju, iepaz\u012bt un sakopt memori\u0101lo piemi\u0146as vietu, kas ir cie\u0161i saist\u012bta ar m\u016bsu skolu.<\/p>\n\n\t\t<style type=\"text\/css\">\n\t\t\t#gallery-1 {\n\t\t\t\tmargin: auto;\n\t\t\t}\n\t\t\t#gallery-1 .gallery-item {\n\t\t\t\tfloat: left;\n\t\t\t\tmargin-top: 10px;\n\t\t\t\ttext-align: center;\n\t\t\t\twidth: 33%;\n\t\t\t}\n\t\t\t#gallery-1 img {\n\t\t\t\tborder: 2px solid #cfcfcf;\n\t\t\t}\n\t\t\t#gallery-1 .gallery-caption {\n\t\t\t\tmargin-left: 0;\n\t\t\t}\n\t\t\t\/* see gallery_shortcode() in wp-includes\/media.php *\/\n\t\t<\/style>\n\t\t<div id='gallery-1' class='gallery galleryid-6451 gallery-columns-3 gallery-size-thumbnail'><dl class='gallery-item'>\n\t\t\t<dt class='gallery-icon landscape'>\n\t\t\t\t<a class=\"grouped_elements\" rel=\"tc-fancybox-group\" href=\"http:\/\/akcmv.gov.lv\/wp-content\/uploads\/2019\/09\/IMG-20190919-WA0000.jpg\" title=\"\"><img loading=\"lazy\" decoding=\"async\" width=\"150\" height=\"150\" src=\"http:\/\/akcmv.gov.lv\/wp-content\/uploads\/2019\/09\/IMG-20190919-WA0000-150x150.jpg\" class=\"attachment-thumbnail size-thumbnail\" alt=\"\" srcset=\"http:\/\/akcmv.gov.lv\/wp-content\/uploads\/2019\/09\/IMG-20190919-WA0000-150x150.jpg 150w, http:\/\/akcmv.gov.lv\/wp-content\/uploads\/2019\/09\/IMG-20190919-WA0000-45x45.jpg 45w\" sizes=\"auto, (max-width: 150px) 100vw, 150px\" \/><\/a>\n\t\t\t<\/dt><\/dl><dl class='gallery-item'>\n\t\t\t<dt class='gallery-icon landscape'>\n\t\t\t\t<a class=\"grouped_elements\" rel=\"tc-fancybox-group\" href=\"http:\/\/akcmv.gov.lv\/wp-content\/uploads\/2019\/09\/IMG-20190919-WA0001.jpg\" title=\"\"><img loading=\"lazy\" decoding=\"async\" width=\"150\" height=\"150\" src=\"http:\/\/akcmv.gov.lv\/wp-content\/uploads\/2019\/09\/IMG-20190919-WA0001-150x150.jpg\" class=\"attachment-thumbnail size-thumbnail\" alt=\"\" srcset=\"http:\/\/akcmv.gov.lv\/wp-content\/uploads\/2019\/09\/IMG-20190919-WA0001-150x150.jpg 150w, http:\/\/akcmv.gov.lv\/wp-content\/uploads\/2019\/09\/IMG-20190919-WA0001-45x45.jpg 45w\" sizes=\"auto, (max-width: 150px) 100vw, 150px\" \/><\/a>\n\t\t\t<\/dt><\/dl><dl class='gallery-item'>\n\t\t\t<dt class='gallery-icon landscape'>\n\t\t\t\t<a class=\"grouped_elements\" rel=\"tc-fancybox-group\" href=\"http:\/\/akcmv.gov.lv\/wp-content\/uploads\/2019\/09\/IMG-20190919-WA0002.jpg\" title=\"\"><img loading=\"lazy\" decoding=\"async\" width=\"150\" height=\"150\" src=\"http:\/\/akcmv.gov.lv\/wp-content\/uploads\/2019\/09\/IMG-20190919-WA0002-150x150.jpg\" class=\"attachment-thumbnail size-thumbnail\" alt=\"\" srcset=\"http:\/\/akcmv.gov.lv\/wp-content\/uploads\/2019\/09\/IMG-20190919-WA0002-150x150.jpg 150w, http:\/\/akcmv.gov.lv\/wp-content\/uploads\/2019\/09\/IMG-20190919-WA0002-45x45.jpg 45w\" sizes=\"auto, (max-width: 150px) 100vw, 150px\" \/><\/a>\n\t\t\t<\/dt><\/dl><br style=\"clear: both\" \/>\n\t\t<\/div>\n\n","protected":false},"excerpt":{"rendered":"<p>Pag\u0101ju\u0161aj\u0101 m\u0101c\u012bbu gad\u0101, apr\u012bl\u012b, Vislatvijas Liel\u0101s talkas m\u0113nes\u012b, 1.kurss audzin\u0101t\u0101ja J\u0101\u0146a Jansona vad\u012bb\u0101 atjaunoja senu skolas trad\u012bciju \u2013 sakopt komponista Alfr\u0113da Kalni\u0146a vec\u0101ku kapavietu C\u0113su v\u0101cu kapos. \u0160odien, \u0161\u012b gada pirmais kurss, audzin\u0101t\u0101ja Ivara Rau\u0161a vad\u012bb\u0101, audzin\u0101\u0161anas stund\u0101 dev\u0101s turpin\u0101t ies\u0101kto trad\u012bciju, iepaz\u012bt un sakopt memori\u0101lo piemi\u0146as vietu, kas ir cie\u0161i saist\u012bta ar m\u016bsu skolu.<\/p>\n","protected":false},"author":2,"featured_media":0,"comment_status":"closed","ping_status":"closed","sticky":false,"template":"","format":"standard","meta":{"footnotes":""},"categories":[1],"tags":[],"class_list":{"0":"post-6451","1":"post","2":"type-post","3":"status-publish","4":"format-standard","6":"category-uncategorised","7":"czr-hentry"},"_links":{"self":[{"href":"http:\/\/akcmv.gov.lv\/index.php?rest_route=\/wp\/v2\/posts\/6451","targetHints":{"allow":["GET"]}}],"collection":[{"href":"http:\/\/akcmv.gov.lv\/index.php?rest_route=\/wp\/v2\/posts"}],"about":[{"href":"http:\/\/akcmv.gov.lv\/index.php?rest_route=\/wp\/v2\/types\/post"}],"author":[{"embeddable":true,"href":"http:\/\/akcmv.gov.lv\/index.php?rest_route=\/wp\/v2\/users\/2"}],"replies":[{"embeddable":true,"href":"http:\/\/akcmv.gov.lv\/index.php?rest_route=%2Fwp%2Fv2%2Fcomments&post=6451"}],"version-history":[{"count":1,"href":"http:\/\/akcmv.gov.lv\/index.php?rest_route=\/wp\/v2\/posts\/6451\/revisions"}],"predecessor-version":[{"id":6455,"href":"http:\/\/akcmv.gov.lv\/index.php?rest_route=\/wp\/v2\/posts\/6451\/revisions\/6455"}],"wp:attachment":[{"href":"http:\/\/akcmv.gov.lv\/index.php?rest_route=%2Fwp%2Fv2%2Fmedia&parent=6451"}],"wp:term":[{"taxonomy":"category","embeddable":true,"href":"http:\/\/akcmv.gov.lv\/index.php?rest_route=%2Fwp%2Fv2%2Fcategories&post=6451"},{"taxonomy":"post_tag","embeddable":true,"href":"http:\/\/akcmv.gov.lv\/index.php?rest_route=%2Fwp%2Fv2%2Ftags&post=6451"}],"curies":[{"name":"wp","href":"https:\/\/api.w.org\/{rel}","templated":true}]}}