{"id":6548,"date":"2019-10-14T10:37:42","date_gmt":"2019-10-14T07:37:42","guid":{"rendered":"http:\/\/akcmv.gov.lv\/?p=6548"},"modified":"2019-10-16T13:28:00","modified_gmt":"2019-10-16T10:28:00","slug":"jauno-ergelnieku-svetki-cesis","status":"publish","type":"post","link":"http:\/\/akcmv.gov.lv\/?p=6548","title":{"rendered":"Jauno \u0113r\u0123elnieku sv\u0113tki C\u0113s\u012bs"},"content":{"rendered":"<p style=\"text-align: justify;\">C\u0113s\u012bs \u0161\u012bs ned\u0113\u013cas nogal\u0113 notiks 9. Starptautiskais Alfr\u0113da Kalni\u0146a jauno \u0113r\u0123elnieku festiv\u0101ls, turpinot 2001. gad\u0101 iedibin\u0101to trad\u012bciju &#8211; pulc\u0113t da\u017e\u0101du pils\u0113tu un valstu jaunos \u0113r\u0123elniekus, lai r\u0101d\u012btu savu sp\u0113les prasmi un klaus\u012btos citu sniegumu, k\u0101 ar\u012b veicin\u0101tu pedagogu sadarb\u012bbu, pieredzes un jaunu ideju apmai\u0146u. Viens no festiv\u0101la galvenajiem m\u0113r\u0137iem ir par\u0101d\u012bt izgl\u012bt\u012bbas un izaugsmes iesp\u0113jas no \u0113r\u0123elnieka ies\u0101c\u0113ja l\u012bdz profesion\u0101lam m\u016bzi\u0137im. T\u0101p\u0113c koncertos kop\u0101 ar m\u016bzikas skolu un vidusskolu audz\u0113k\u0146iem muzic\u0113s ar\u012b J\u0101zepa V\u012btola Latvijas M\u016bzikas akad\u0113mijas studenti un profesion\u0101li \u0113r\u0123elnieki &#8211; pedagogi.<br \/>\nFestiv\u0101la programm\u0101 ir divi koncerti: 18. oktobr\u012b plkst. 17.00 Vidzemes koncertz\u0101les \u201cC\u0113sis\u201d \u0112r\u0123e\u013cz\u0101l\u0113 un 19. oktobr\u012b plkst. 17.00 C\u0113su Sv. J\u0101\u0146a bazn\u012bc\u0101. Dal\u012bbu festiv\u0101l\u0101 pieteiku\u0161i 32 jaunie m\u016bzi\u0137i no Jaunpiebalgas M\u016bzikas un m\u0101kslas skolas (skolot\u0101ja Aija Sila), Utenas (Lietuva) M\u016bzikas skolas (sk. Zita Luko\u0161\u016bniene), Saldus M\u016bzikas un m\u0101kslas skolas (sk. Simona Sunepa), Maltas M\u016bzikas skolas (sk. Laura Ivanova), J\u0101\u0146a Ivanova R\u0113zeknes M\u016bzikas vidusskolas (sk. Baiba Betlere), J\u016brmalas M\u016bzikas vidusskolas (sk. Ed\u012bte Deksne), NMV R\u012bgas Doma Kora skolas (sk. Vita Kalnciema), PIKC Ventspils M\u016bzikas vidusskolas (sk. Krist\u012bne Adamaite), Alfr\u0113da Kalni\u0146a C\u0113su M\u016bzikas vidusskolas (sk. Lelde Krasti\u0146a un Sandra Tamane) un J\u0101zepa V\u012btola Latvijas M\u016bzikas akad\u0113mijas (sk. Vita Kalnciema un Krist\u012bne Adamaite).<br \/>\nNe velti festiv\u0101ls notiek C\u0113s\u012bs \u2013 te pirms 140 gadiem dzimis izcilais latvie\u0161u komponists, \u0113r\u0123elnieks un diri\u0123ents Alfr\u0113ds Kalni\u0146\u0161. C\u0113su Sv. J\u0101\u0146a bazn\u012bc\u0101 n\u0101kamais ska\u0146radis jau devi\u0146u gadu vecum\u0101 s\u0101cis apg\u016bt \u0113r\u0123e\u013csp\u0113li, un ar \u0161o instrumentu turpm\u0101k bija saist\u012bts viss vi\u0146a m\u016b\u017es. C\u0113sis ir ar\u012b viens no \u0113r\u0123e\u013ckult\u016bras centriem Latvij\u0101: pils\u0113t\u0101 ir tr\u012bs restaur\u0113ti instrumenti, regul\u0101ra koncertdz\u012bve Sv. J\u0101\u0146a bazn\u012bc\u0101. \u0112r\u0123elnieces un skolot\u0101jas Leldes Krasti\u0146as rosin\u0101ta jau 30 gadu m\u016bzikas vidusskol\u0101 tiek realiz\u0113ta izgl\u012bt\u012bbas programma jauno \u0113r\u0123elnieku apm\u0101c\u012bbai.<br \/>\nFestiv\u0101lu r\u012bko Alfr\u0113da Kalni\u0146a C\u0113su M\u016bzikas vidusskola un skolas atbalsta biedr\u012bba, atbalsta C\u0113su novada pa\u0161vald\u012bba, C\u0113su Kult\u016bras un t\u016brisma centrs, Vidzemes pl\u0101no\u0161anas re\u0123ions un Valsts Kult\u016brkapit\u0101la fonds.<\/p>\n\n\t\t<style type=\"text\/css\">\n\t\t\t#gallery-1 {\n\t\t\t\tmargin: auto;\n\t\t\t}\n\t\t\t#gallery-1 .gallery-item {\n\t\t\t\tfloat: left;\n\t\t\t\tmargin-top: 10px;\n\t\t\t\ttext-align: center;\n\t\t\t\twidth: 100%;\n\t\t\t}\n\t\t\t#gallery-1 img {\n\t\t\t\tborder: 2px solid #cfcfcf;\n\t\t\t}\n\t\t\t#gallery-1 .gallery-caption {\n\t\t\t\tmargin-left: 0;\n\t\t\t}\n\t\t\t\/* see gallery_shortcode() in wp-includes\/media.php *\/\n\t\t<\/style>\n\t\t<div id='gallery-1' class='gallery galleryid-6548 gallery-columns-1 gallery-size-medium'><dl class='gallery-item'>\n\t\t\t<dt class='gallery-icon portrait'>\n\t\t\t\t<a class=\"grouped_elements\" rel=\"tc-fancybox-group\" href=\"http:\/\/akcmv.gov.lv\/wp-content\/uploads\/2019\/10\/Afis\u030ca-ergelFest2019.jpg\" title=\"\"><img loading=\"lazy\" decoding=\"async\" width=\"212\" height=\"300\" src=\"http:\/\/akcmv.gov.lv\/wp-content\/uploads\/2019\/10\/Afis\u030ca-ergelFest2019-212x300.jpg\" class=\"attachment-medium size-medium\" alt=\"\" srcset=\"http:\/\/akcmv.gov.lv\/wp-content\/uploads\/2019\/10\/Afis\u030ca-ergelFest2019-212x300.jpg 212w, http:\/\/akcmv.gov.lv\/wp-content\/uploads\/2019\/10\/Afis\u030ca-ergelFest2019-768x1086.jpg 768w, http:\/\/akcmv.gov.lv\/wp-content\/uploads\/2019\/10\/Afis\u030ca-ergelFest2019-724x1024.jpg 724w, http:\/\/akcmv.gov.lv\/wp-content\/uploads\/2019\/10\/Afis\u030ca-ergelFest2019.jpg 1754w\" sizes=\"auto, (max-width: 212px) 100vw, 212px\" \/><\/a>\n\t\t\t<\/dt><\/dl><br style=\"clear: both\" \/>\n\t\t<\/div>\n\n","protected":false},"excerpt":{"rendered":"<p>C\u0113s\u012bs \u0161\u012bs ned\u0113\u013cas nogal\u0113 notiks 9. Starptautiskais Alfr\u0113da Kalni\u0146a jauno \u0113r\u0123elnieku festiv\u0101ls, turpinot 2001. gad\u0101 iedibin\u0101to trad\u012bciju &#8211; pulc\u0113t da\u017e\u0101du pils\u0113tu un valstu jaunos \u0113r\u0123elniekus, lai r\u0101d\u012btu savu sp\u0113les prasmi un klaus\u012btos citu sniegumu, k\u0101 ar\u012b veicin\u0101tu pedagogu sadarb\u012bbu, pieredzes un jaunu ideju apmai\u0146u. Viens no festiv\u0101la galvenajiem m\u0113r\u0137iem ir par\u0101d\u012bt izgl\u012bt\u012bbas un izaugsmes iesp\u0113jas [&hellip;]<\/p>\n","protected":false},"author":2,"featured_media":0,"comment_status":"closed","ping_status":"closed","sticky":false,"template":"","format":"standard","meta":{"footnotes":""},"categories":[1],"tags":[],"class_list":{"0":"post-6548","1":"post","2":"type-post","3":"status-publish","4":"format-standard","6":"category-uncategorised","7":"czr-hentry"},"_links":{"self":[{"href":"http:\/\/akcmv.gov.lv\/index.php?rest_route=\/wp\/v2\/posts\/6548","targetHints":{"allow":["GET"]}}],"collection":[{"href":"http:\/\/akcmv.gov.lv\/index.php?rest_route=\/wp\/v2\/posts"}],"about":[{"href":"http:\/\/akcmv.gov.lv\/index.php?rest_route=\/wp\/v2\/types\/post"}],"author":[{"embeddable":true,"href":"http:\/\/akcmv.gov.lv\/index.php?rest_route=\/wp\/v2\/users\/2"}],"replies":[{"embeddable":true,"href":"http:\/\/akcmv.gov.lv\/index.php?rest_route=%2Fwp%2Fv2%2Fcomments&post=6548"}],"version-history":[{"count":2,"href":"http:\/\/akcmv.gov.lv\/index.php?rest_route=\/wp\/v2\/posts\/6548\/revisions"}],"predecessor-version":[{"id":6551,"href":"http:\/\/akcmv.gov.lv\/index.php?rest_route=\/wp\/v2\/posts\/6548\/revisions\/6551"}],"wp:attachment":[{"href":"http:\/\/akcmv.gov.lv\/index.php?rest_route=%2Fwp%2Fv2%2Fmedia&parent=6548"}],"wp:term":[{"taxonomy":"category","embeddable":true,"href":"http:\/\/akcmv.gov.lv\/index.php?rest_route=%2Fwp%2Fv2%2Fcategories&post=6548"},{"taxonomy":"post_tag","embeddable":true,"href":"http:\/\/akcmv.gov.lv\/index.php?rest_route=%2Fwp%2Fv2%2Ftags&post=6548"}],"curies":[{"name":"wp","href":"https:\/\/api.w.org\/{rel}","templated":true}]}}