{"id":6622,"date":"2019-11-11T09:13:15","date_gmt":"2019-11-11T07:13:15","guid":{"rendered":"http:\/\/akcmv.gov.lv\/?p=6622"},"modified":"2019-11-11T09:13:15","modified_gmt":"2019-11-11T07:13:15","slug":"akcmv-audzekni-apmekle-saeimu","status":"publish","type":"post","link":"http:\/\/akcmv.gov.lv\/?p=6622","title":{"rendered":"AKCMV audz\u0113k\u0146i apmekl\u0113 Saeimu"},"content":{"rendered":"<p style=\"text-align: justify;\">6. novembr\u012b Alfr\u0113da Kalni\u0146a C\u0113su M\u016bzikas vidusskolas 4. kursa audz\u0113k\u0146i skolot\u0101jas Ingas Ivanovas vad\u012bb\u0101 apmekl\u0113ja Saeimu skolu programmas &#8220;Iepaz\u012bsti Saeimu&#8221; ietvaros.<\/p>\n<p>Foto: Ernests Dinka, Saeima<\/p>\n\n\t\t<style type=\"text\/css\">\n\t\t\t#gallery-1 {\n\t\t\t\tmargin: auto;\n\t\t\t}\n\t\t\t#gallery-1 .gallery-item {\n\t\t\t\tfloat: left;\n\t\t\t\tmargin-top: 10px;\n\t\t\t\ttext-align: center;\n\t\t\t\twidth: 100%;\n\t\t\t}\n\t\t\t#gallery-1 img {\n\t\t\t\tborder: 2px solid #cfcfcf;\n\t\t\t}\n\t\t\t#gallery-1 .gallery-caption {\n\t\t\t\tmargin-left: 0;\n\t\t\t}\n\t\t\t\/* see gallery_shortcode() in wp-includes\/media.php *\/\n\t\t<\/style>\n\t\t<div id='gallery-1' class='gallery galleryid-6622 gallery-columns-1 gallery-size-thumbnail'><dl class='gallery-item'>\n\t\t\t<dt class='gallery-icon landscape'>\n\t\t\t\t<a class=\"grouped_elements\" rel=\"tc-fancybox-group\" href=\"http:\/\/akcmv.gov.lv\/wp-content\/uploads\/2019\/11\/06.11.2019._8368vnUaoe.jpg\" title=\"\"><img loading=\"lazy\" decoding=\"async\" width=\"150\" height=\"150\" src=\"http:\/\/akcmv.gov.lv\/wp-content\/uploads\/2019\/11\/06.11.2019._8368vnUaoe-150x150.jpg\" class=\"attachment-thumbnail size-thumbnail\" alt=\"\" srcset=\"http:\/\/akcmv.gov.lv\/wp-content\/uploads\/2019\/11\/06.11.2019._8368vnUaoe-150x150.jpg 150w, http:\/\/akcmv.gov.lv\/wp-content\/uploads\/2019\/11\/06.11.2019._8368vnUaoe-45x45.jpg 45w\" sizes=\"auto, (max-width: 150px) 100vw, 150px\" \/><\/a>\n\t\t\t<\/dt><\/dl><br style=\"clear: both\" \/>\n\t\t<\/div>\n\n","protected":false},"excerpt":{"rendered":"<p>6. novembr\u012b Alfr\u0113da Kalni\u0146a C\u0113su M\u016bzikas vidusskolas 4. kursa audz\u0113k\u0146i skolot\u0101jas Ingas Ivanovas vad\u012bb\u0101 apmekl\u0113ja Saeimu skolu programmas &#8220;Iepaz\u012bsti Saeimu&#8221; ietvaros. Foto: Ernests Dinka, Saeima<\/p>\n","protected":false},"author":2,"featured_media":0,"comment_status":"closed","ping_status":"closed","sticky":false,"template":"","format":"standard","meta":{"footnotes":""},"categories":[1],"tags":[],"class_list":{"0":"post-6622","1":"post","2":"type-post","3":"status-publish","4":"format-standard","6":"category-uncategorised","7":"czr-hentry"},"_links":{"self":[{"href":"http:\/\/akcmv.gov.lv\/index.php?rest_route=\/wp\/v2\/posts\/6622","targetHints":{"allow":["GET"]}}],"collection":[{"href":"http:\/\/akcmv.gov.lv\/index.php?rest_route=\/wp\/v2\/posts"}],"about":[{"href":"http:\/\/akcmv.gov.lv\/index.php?rest_route=\/wp\/v2\/types\/post"}],"author":[{"embeddable":true,"href":"http:\/\/akcmv.gov.lv\/index.php?rest_route=\/wp\/v2\/users\/2"}],"replies":[{"embeddable":true,"href":"http:\/\/akcmv.gov.lv\/index.php?rest_route=%2Fwp%2Fv2%2Fcomments&post=6622"}],"version-history":[{"count":1,"href":"http:\/\/akcmv.gov.lv\/index.php?rest_route=\/wp\/v2\/posts\/6622\/revisions"}],"predecessor-version":[{"id":6624,"href":"http:\/\/akcmv.gov.lv\/index.php?rest_route=\/wp\/v2\/posts\/6622\/revisions\/6624"}],"wp:attachment":[{"href":"http:\/\/akcmv.gov.lv\/index.php?rest_route=%2Fwp%2Fv2%2Fmedia&parent=6622"}],"wp:term":[{"taxonomy":"category","embeddable":true,"href":"http:\/\/akcmv.gov.lv\/index.php?rest_route=%2Fwp%2Fv2%2Fcategories&post=6622"},{"taxonomy":"post_tag","embeddable":true,"href":"http:\/\/akcmv.gov.lv\/index.php?rest_route=%2Fwp%2Fv2%2Ftags&post=6622"}],"curies":[{"name":"wp","href":"https:\/\/api.w.org\/{rel}","templated":true}]}}