{"id":17852,"date":"2026-09-04T13:25:53","date_gmt":"2026-09-04T10:25:53","guid":{"rendered":"https:\/\/akcmv.gov.lv\/?p=17852"},"modified":"2026-09-04T13:25:53","modified_gmt":"2026-09-04T10:25:53","slug":"norisinasies-ii-starptautiskais-cellistu-konkurss-cello-cesis","status":"publish","type":"post","link":"https:\/\/akcmv.gov.lv\/?p=17852","title":{"rendered":"Norisin\u0101sies II Starptautiskais \u010dellistu konkurss \u201c\u010cello C\u0113sis\u201d"},"content":{"rendered":"\n<p class=\"wp-block-paragraph\"><strong>10. un 11.septembr\u012b C\u0113s\u012bs norisin\u0101sies II Starptautiskais \u010dellistu konkurss \u201c\u010cello C\u0113sis\u201d.<\/strong><\/p>\n\n\n\n<p class=\"wp-block-paragraph\">Alfr\u0113da Kalni\u0146a C\u0113su M\u016bzikas vidusskolas misija ir\u00a0 sniegt daudzpus\u012bgu un uz izcil\u012bbu orient\u0113tu kult\u016brizgl\u012bt\u012bbu, un ar \u0161\u0101du uzdevumu sadarb\u012bb\u0101 ar koncertz\u0101li &#8220;C\u0113sis&#8221; tiek organiz\u0113ts otrais starptautiskais \u010dellistu konkurss &#8220;\u010cello C\u0113sis&#8221;, un konkurss ir b\u016btiska XII starptautisk\u0101 festiv\u0101la\u00a0 &#8220;\u010cello C\u0113sis&#8221; sada\u013ca.<\/p>\n\n\n\n<p class=\"wp-block-paragraph\">\u0160aj\u0101 gad\u0101 konkurss pulc\u0113 \u010della sp\u0113les virtuozus no Latvijas, Igaunijas, V\u0101cijas m\u016bzikas vid\u0113j\u0101s un augst\u0101k\u0101s izgl\u012bt\u012bbas iest\u0101d\u0113m. Konkursantu m\u0101ksliniecisko sniegumu v\u0113rt\u0113s \u017e\u016brija: Margarita Balanas, Kristaps Bergs un Marts Laas.<\/p>\n\n\n\n<p class=\"wp-block-paragraph\">Konkursa m\u0101ksliniecisk\u0101 vad\u012bt\u0101ja, Alfr\u0113da Kalni\u0146a C\u0113su M\u016bzikas vidusskolas St\u012bgu instrumentu sp\u0113les izgl\u012bt\u012bbas programmas vad\u012bt\u0101ja un \u010della sp\u0113les pedago\u0123e Inese Nelsone atz\u012bst, ka\u00a0 Latvij\u0101 \u010della sp\u0113les skola vienm\u0113r bijusi augst\u0101 kvalit\u0101t\u0113. Vi\u0146as \u010della sp\u0113les profesors M\u0101ris Villeru\u0161s studentiem k\u0101 augst\u0101ko uzdevumu m\u016bzik\u0101 izvirz\u012bjis sp\u0113ju degt, b\u016bt patiesiem un vienm\u0113r sp\u0113l\u0113t no sirds! \u201c\u0160\u012b degsme lai ir katram dal\u012bbniekam, uzst\u0101joties konkurs\u0101, sniedzot koncertus un iepriecinot klaus\u012bt\u0101jus Latvij\u0101 un pasaul\u0113,\u201d I.Nelsones v\u0113l\u0113jums \u0161\u012b gada konkursa dal\u012bbniekiem.<\/p>\n\n\n\n<p class=\"wp-block-paragraph\">Koncertz\u0101les \u201cC\u0113sis\u201d lielaj\u0101 z\u0101l\u0113 10.septembr\u012b plkst.11.00 klaus\u012bt\u0101ji aicin\u0101ti uz konkursa atkl\u0101\u0161anu, bet konkursa 1.k\u0101rta s\u0101ksies plkst.12.00.<\/p>\n\n\n\n<p class=\"wp-block-paragraph\">Savuk\u0101rt, 11.septembr\u012b&nbsp; plkst.10.00&nbsp; norisin\u0101sies konkursa 2.k\u0101rta, kur&nbsp; sacent\u012bsies&nbsp; \u017e\u016brijas izvirz\u012btie sp\u0113c\u012bg\u0101kie pretendenti. Konkursantu sniegum\u0101 izskan\u0113s da\u017e\u0101du komponistu ska\u0146darbi, s\u0101kot no baroka laikmeta l\u012bdz m\u016bsdien\u0101m, tostarp latvie\u0161u komponistu m\u016bzika.<\/p>\n\n\n\n<p class=\"wp-block-paragraph\">&nbsp;Konkursa nosl\u0113gums un laure\u0101tu koncerts&nbsp; plkst.17.00<\/p>\n\n\n\n<p class=\"wp-block-paragraph\">Tiem, kas nevar\u0113s klaus\u012bties jauno \u010dellistu sniegumu kl\u0101tien\u0113, sadarb\u012bb\u0101 ar C\u0113su Digit\u0101lo centru un&nbsp; koncertz\u0101li \u201cC\u0113sis\u201d pied\u0101v\u0101jam iesp\u0113ju v\u0113rot abu dienu konkursa norisi Alfr\u0113da Kalni\u0146a C\u0113su M\u016bzikas vidusskolas <em>YouTube<\/em> kont\u0101.<\/p>\n\n\n\n<p class=\"wp-block-paragraph\">Konkursa laure\u0101ts l\u012bdztekus iev\u0113rojamai naudas balvai ieg\u016bs ar\u012b iesp\u0113ju veikt ierakstu Latvijas Radio studij\u0101.<\/p>\n\n\n\n<p class=\"wp-block-paragraph\">Konkursu atbalsta Alfr\u0113da Kalni\u0146a C\u0113su M\u016bzikas vidusskolas atbalsta biedr\u012bba, C\u0113su novada pa\u0161vald\u012bba, C\u0113su novada Kult\u016bras p\u0101rvalde, Valsts Kult\u016brkapit\u0101la fonds,\u00a0 LR3Klasika,\u00a0 Firma AK\u201d12\u201d, \u0160andora Gotvon\u012b Vecpils\u0113tas vijo\u013cdarbn\u012bca, Vaira Narti\u0161a \u201cDraudz\u012bgais M\u016bzikas veikals\u201d, Ziedu salons \u201cEl\u012bna\u201d,st\u0101du audz\u0113tava \u201cSilavir\u0161i\u201d, lielveikals \u201cSOLO\u201d, AS \u201cC\u0113su Alus\u201d.<\/p>\n\n\n\n<p class=\"wp-block-paragraph\">Kontaktinform\u0101cija:<\/p>\n\n\n\n<p class=\"wp-block-paragraph\">AKCMV IP \u2018St\u012bgu instrumentu sp\u0113le\u201d vad\u012bt\u0101ja Inese Nelsone; 29209249.<\/p>\n\n\n\n<figure class=\"wp-block-gallery has-nested-images columns-default is-cropped wp-block-gallery-1 is-layout-flex wp-block-gallery-is-layout-flex\">\n<figure class=\"wp-block-image size-large\"><a href=\"https:\/\/akcmv.gov.lv\/wp-content\/uploads\/2026\/09\/CELLO2026_AFISHA-scaled.jpg\"><img loading=\"lazy\" decoding=\"async\" width=\"723\" height=\"1024\" data-id=\"17853\" src=\"https:\/\/akcmv.gov.lv\/wp-content\/uploads\/2026\/09\/CELLO2026_AFISHA-723x1024.jpg\" alt=\"II Starptautiskais \u010dellistu konkurss \u201c\u010cello C\u0113sis\u201d\" class=\"wp-image-17853\" srcset=\"https:\/\/akcmv.gov.lv\/wp-content\/uploads\/2026\/09\/CELLO2026_AFISHA-723x1024.jpg 723w, https:\/\/akcmv.gov.lv\/wp-content\/uploads\/2026\/09\/CELLO2026_AFISHA-212x300.jpg 212w, https:\/\/akcmv.gov.lv\/wp-content\/uploads\/2026\/09\/CELLO2026_AFISHA-1084x1536.jpg 1084w, https:\/\/akcmv.gov.lv\/wp-content\/uploads\/2026\/09\/CELLO2026_AFISHA-1445x2048.jpg 1445w, https:\/\/akcmv.gov.lv\/wp-content\/uploads\/2026\/09\/CELLO2026_AFISHA-768x1088.jpg 768w, https:\/\/akcmv.gov.lv\/wp-content\/uploads\/2026\/09\/CELLO2026_AFISHA-scaled.jpg 1806w\" sizes=\"auto, (max-width: 723px) 100vw, 723px\" \/><\/a><\/figure>\n<\/figure>\n","protected":false},"excerpt":{"rendered":"<p>10. un 11.septembr\u012b C\u0113s\u012bs norisin\u0101sies II Starptautiskais \u010dellistu konkurss \u201c\u010cello C\u0113sis\u201d. Alfr\u0113da Kalni\u0146a C\u0113su M\u016bzikas vidusskolas misija ir\u00a0 sniegt daudzpus\u012bgu un uz izcil\u012bbu orient\u0113tu kult\u016brizgl\u012bt\u012bbu, un ar \u0161\u0101du uzdevumu sadarb\u012bb\u0101 ar koncertz\u0101li &#8220;C\u0113sis&#8221; tiek organiz\u0113ts otrais starptautiskais \u010dellistu konkurss &#8220;\u010cello C\u0113sis&#8221;, un konkurss ir b\u016btiska XII starptautisk\u0101 festiv\u0101la\u00a0 &#8220;\u010cello C\u0113sis&#8221; sada\u013ca. \u0160aj\u0101 gad\u0101 konkurss pulc\u0113 [&hellip;]<\/p>\n","protected":false},"author":2,"featured_media":0,"comment_status":"closed","ping_status":"closed","sticky":false,"template":"","format":"standard","meta":{"footnotes":""},"categories":[1],"tags":[],"class_list":["post-17852","post","type-post","status-publish","format-standard","category-uncategorised","czr-hentry"],"_links":{"self":[{"href":"https:\/\/akcmv.gov.lv\/index.php?rest_route=\/wp\/v2\/posts\/17852","targetHints":{"allow":["GET"]}}],"collection":[{"href":"https:\/\/akcmv.gov.lv\/index.php?rest_route=\/wp\/v2\/posts"}],"about":[{"href":"https:\/\/akcmv.gov.lv\/index.php?rest_route=\/wp\/v2\/types\/post"}],"author":[{"embeddable":true,"href":"https:\/\/akcmv.gov.lv\/index.php?rest_route=\/wp\/v2\/users\/2"}],"replies":[{"embeddable":true,"href":"https:\/\/akcmv.gov.lv\/index.php?rest_route=%2Fwp%2Fv2%2Fcomments&post=17852"}],"version-history":[{"count":1,"href":"https:\/\/akcmv.gov.lv\/index.php?rest_route=\/wp\/v2\/posts\/17852\/revisions"}],"predecessor-version":[{"id":17854,"href":"https:\/\/akcmv.gov.lv\/index.php?rest_route=\/wp\/v2\/posts\/17852\/revisions\/17854"}],"wp:attachment":[{"href":"https:\/\/akcmv.gov.lv\/index.php?rest_route=%2Fwp%2Fv2%2Fmedia&parent=17852"}],"wp:term":[{"taxonomy":"category","embeddable":true,"href":"https:\/\/akcmv.gov.lv\/index.php?rest_route=%2Fwp%2Fv2%2Fcategories&post=17852"},{"taxonomy":"post_tag","embeddable":true,"href":"https:\/\/akcmv.gov.lv\/index.php?rest_route=%2Fwp%2Fv2%2Ftags&post=17852"}],"curies":[{"name":"wp","href":"https:\/\/api.w.org\/{rel}","templated":true}]}}